{"id":10822,"date":"2024-09-07T01:58:41","date_gmt":"2024-09-07T01:58:41","guid":{"rendered":"https:\/\/livingmultimediosde.net.ar\/INDEX\/?p=10822"},"modified":"2024-09-07T01:58:44","modified_gmt":"2024-09-07T01:58:44","slug":"finalizo-con-exito-una-nueva-capacitacion-para-jovenes-en-gestion-para-el-desarrollo","status":"publish","type":"post","link":"https:\/\/livingmultimediosde.net.ar\/INDEX\/2024\/09\/finalizo-con-exito-una-nueva-capacitacion-para-jovenes-en-gestion-para-el-desarrollo\/","title":{"rendered":"Finaliz\u00f3 con \u00e9xito una nueva capacitaci\u00f3n para j\u00f3venes en \u201cGesti\u00f3n para el Desarrollo\u00bb"},"content":{"rendered":"\n<p class=\"wp-block-paragraph\">El Gobierno de la provincia, junto al Consejo Federal de Inversiones (CFI), llev\u00f3 a cabo una nueva jornada de integraci\u00f3n que se desarroll\u00f3 en el Consejo Provincial de Vialidad, en el marco de la quinta edici\u00f3n del Programa \u201cGesti\u00f3n para el Desarrollo\u201d.<\/p>\n\n\n\n<p class=\"wp-block-paragraph\">Esta iniciativa tiene como objetivo promover la integraci\u00f3n y el desarrollo local mediante la participaci\u00f3n activa de los j\u00f3venes.<\/p>\n\n\n\n<p class=\"wp-block-paragraph\">La jornada comenz\u00f3 con la exposici\u00f3n del secretario de la Representaci\u00f3n Oficial y de Relaciones Internacionales de Santiago del Estero, Bernardo Abruzzese, quien sostuvo: \u201cEl desarrollo local implica un compromiso con nuestra tierra, nuestras ra\u00edces y nuestro futuro, un esfuerzo conjunto donde todos, desde el sector p\u00fablico hasta las empresas, tienen un rol importante que jugar, pero sobre todo es un proceso que necesita del \u00edmpetu y la creatividad de toda la ciudadan\u00eda\u201d, y que \u201cel crecimiento econ\u00f3mico no es un destino, es un camino que debemos recorrer juntos; porque sabemos que Santiago del Estero avanza cuando nuestros j\u00f3venes avanzan\u201d.<\/p>\n\n\n\n<p class=\"wp-block-paragraph\">Seguidamente expusieron el Mg. Castor L\u00f3pez y el Dr. Federico Scrimini.<br>En el tramo final de la jornada los j\u00f3venes visitaron Nutri Santiago y Produnoa Secco, donde tuvieron la oportunidad de intercambiar conocimientos y aplicar lo aprendido a lo largo del programa.<\/p>\n","protected":false},"excerpt":{"rendered":"<p>El Gobierno de la provincia, junto al Consejo Federal de Inversiones (CFI), llev\u00f3 a cabo una nueva jornada de integraci\u00f3n que se desarroll\u00f3 en el Consejo Provincial de Vialidad, en el marco de la quinta edici\u00f3n del Programa \u201cGesti\u00f3n para el Desarrollo\u201d. Esta iniciativa tiene como objetivo promover la integraci\u00f3n y el desarrollo local mediante la participaci\u00f3n activa de los j\u00f3venes. La jornada comenz\u00f3 con la exposici\u00f3n del secretario de la Representaci\u00f3n Oficial y de Relaciones Internacionales de Santiago del Estero, Bernardo Abruzzese, quien sostuvo: \u201cEl desarrollo local implica un&hellip;<\/p>\n","protected":false},"author":1,"featured_media":0,"comment_status":"open","ping_status":"closed","sticky":false,"template":"","format":"standard","meta":{"footnotes":""},"categories":[9],"tags":[],"class_list":["post-10822","post","type-post","status-publish","format-standard","hentry","category-noticias"],"rttpg_featured_image_url":null,"rttpg_author":{"display_name":"rober","author_link":"https:\/\/livingmultimediosde.net.ar\/INDEX\/author\/rober\/"},"rttpg_comment":0,"rttpg_category":"<a href=\"https:\/\/livingmultimediosde.net.ar\/INDEX\/category\/noticias\/\" rel=\"category tag\">NOTICIAS<\/a>","rttpg_excerpt":"El Gobierno de la provincia, junto al Consejo Federal de Inversiones (CFI), llev\u00f3 a cabo una nueva jornada de integraci\u00f3n que se desarroll\u00f3 en el Consejo Provincial de Vialidad, en el marco de la quinta edici\u00f3n del Programa \u201cGesti\u00f3n para el Desarrollo\u201d. Esta iniciativa tiene como objetivo promover la integraci\u00f3n y el desarrollo local mediante&hellip;","_links":{"self":[{"href":"https:\/\/livingmultimediosde.net.ar\/INDEX\/wp-json\/wp\/v2\/posts\/10822","targetHints":{"allow":["GET"]}}],"collection":[{"href":"https:\/\/livingmultimediosde.net.ar\/INDEX\/wp-json\/wp\/v2\/posts"}],"about":[{"href":"https:\/\/livingmultimediosde.net.ar\/INDEX\/wp-json\/wp\/v2\/types\/post"}],"author":[{"embeddable":true,"href":"https:\/\/livingmultimediosde.net.ar\/INDEX\/wp-json\/wp\/v2\/users\/1"}],"replies":[{"embeddable":true,"href":"https:\/\/livingmultimediosde.net.ar\/INDEX\/wp-json\/wp\/v2\/comments?post=10822"}],"version-history":[{"count":1,"href":"https:\/\/livingmultimediosde.net.ar\/INDEX\/wp-json\/wp\/v2\/posts\/10822\/revisions"}],"predecessor-version":[{"id":10824,"href":"https:\/\/livingmultimediosde.net.ar\/INDEX\/wp-json\/wp\/v2\/posts\/10822\/revisions\/10824"}],"wp:attachment":[{"href":"https:\/\/livingmultimediosde.net.ar\/INDEX\/wp-json\/wp\/v2\/media?parent=10822"}],"wp:term":[{"taxonomy":"category","embeddable":true,"href":"https:\/\/livingmultimediosde.net.ar\/INDEX\/wp-json\/wp\/v2\/categories?post=10822"},{"taxonomy":"post_tag","embeddable":true,"href":"https:\/\/livingmultimediosde.net.ar\/INDEX\/wp-json\/wp\/v2\/tags?post=10822"}],"curies":[{"name":"wp","href":"https:\/\/api.w.org\/{rel}","templated":true}]}}