{"id":10808,"date":"2024-09-06T15:17:35","date_gmt":"2024-09-06T15:17:35","guid":{"rendered":"https:\/\/livingmultimediosde.net.ar\/INDEX\/?p=10808"},"modified":"2024-09-06T15:17:39","modified_gmt":"2024-09-06T15:17:39","slug":"el-gobernador-recibio-al-presidente-del-conicet-y-a-otros-miembros-del-organismo","status":"publish","type":"post","link":"https:\/\/livingmultimediosde.net.ar\/INDEX\/2024\/09\/el-gobernador-recibio-al-presidente-del-conicet-y-a-otros-miembros-del-organismo\/","title":{"rendered":"EL GOBERNADOR RECIBI\u00d3 AL PRESIDENTE DEL CONICET Y A OTROS MIEMBROS DEL ORGANISMO"},"content":{"rendered":"\n<p class=\"wp-block-paragraph\">El gobernador Gerardo Zamora recibi\u00f3 este jueves en Casa de Gobierno la visita del presidente del Consejo Nacional de Investigaciones Cient\u00edficas y T\u00e9cnicas (Conicet), Daniel Salamone, junto con la vicepresidente de Asuntos Cient\u00edficos, Claudia Capurro; el director del Conicet NOA SUR, Augusto Bellomio, entre otros miembros del organismo.<br>El mandatario, por su parte, estuvo acompa\u00f1ado por la ministra de Educaci\u00f3n, Mariela Nassif; el secretario de Ciencia y Tecnolog\u00eda, Adri\u00e1n Su\u00e1rez, y los funcionarios del \u00e1rea, Edmundo Vizgarra y Ricardo Montenegro.<br>Tambi\u00e9n participaron el rector de la Universidad Nacional de Santiago del Estero, H\u00e9ctor Paz, con miembros de esta casa de altos estudios que trabajan con el Conicet.<br>Tras el encuentro, Salamone destac\u00f3 el recibimiento del gobernador, a quien pudo comentarle sobre \u201clos proyectos iniciados y las posibilidades para el futuro, sobre todo sobre el rol que puede tener Conicet como socio de las universidades, del Inta y del Inti para hacer desarrollos\u201d.<br>\u201cNos sentimos muy halagos por el recibimiento y pensamos acompa\u00f1ar el desarrollo y colaborar con distintas \u00e1reas de la provincia\u201d, expres\u00f3.<\/p>\n","protected":false},"excerpt":{"rendered":"<p>El gobernador Gerardo Zamora recibi\u00f3 este jueves en Casa de Gobierno la visita del presidente del Consejo Nacional de Investigaciones Cient\u00edficas y T\u00e9cnicas (Conicet), Daniel Salamone, junto con la vicepresidente de Asuntos Cient\u00edficos, Claudia Capurro; el director del Conicet NOA SUR, Augusto Bellomio, entre otros miembros del organismo.El mandatario, por su parte, estuvo acompa\u00f1ado por la ministra de Educaci\u00f3n, Mariela Nassif; el secretario de Ciencia y Tecnolog\u00eda, Adri\u00e1n Su\u00e1rez, y los funcionarios del \u00e1rea, Edmundo Vizgarra y Ricardo Montenegro.Tambi\u00e9n participaron el rector de la Universidad Nacional de Santiago del Estero,&hellip;<\/p>\n","protected":false},"author":1,"featured_media":0,"comment_status":"open","ping_status":"closed","sticky":false,"template":"","format":"standard","meta":{"footnotes":""},"categories":[9],"tags":[],"class_list":["post-10808","post","type-post","status-publish","format-standard","hentry","category-noticias"],"rttpg_featured_image_url":null,"rttpg_author":{"display_name":"rober","author_link":"https:\/\/livingmultimediosde.net.ar\/INDEX\/author\/rober\/"},"rttpg_comment":0,"rttpg_category":"<a href=\"https:\/\/livingmultimediosde.net.ar\/INDEX\/category\/noticias\/\" rel=\"category tag\">NOTICIAS<\/a>","rttpg_excerpt":"El gobernador Gerardo Zamora recibi\u00f3 este jueves en Casa de Gobierno la visita del presidente del Consejo Nacional de Investigaciones Cient\u00edficas y T\u00e9cnicas (Conicet), Daniel Salamone, junto con la vicepresidente de Asuntos Cient\u00edficos, Claudia Capurro; el director del Conicet NOA SUR, Augusto Bellomio, entre otros miembros del organismo.El mandatario, por su parte, estuvo acompa\u00f1ado por&hellip;","_links":{"self":[{"href":"https:\/\/livingmultimediosde.net.ar\/INDEX\/wp-json\/wp\/v2\/posts\/10808","targetHints":{"allow":["GET"]}}],"collection":[{"href":"https:\/\/livingmultimediosde.net.ar\/INDEX\/wp-json\/wp\/v2\/posts"}],"about":[{"href":"https:\/\/livingmultimediosde.net.ar\/INDEX\/wp-json\/wp\/v2\/types\/post"}],"author":[{"embeddable":true,"href":"https:\/\/livingmultimediosde.net.ar\/INDEX\/wp-json\/wp\/v2\/users\/1"}],"replies":[{"embeddable":true,"href":"https:\/\/livingmultimediosde.net.ar\/INDEX\/wp-json\/wp\/v2\/comments?post=10808"}],"version-history":[{"count":1,"href":"https:\/\/livingmultimediosde.net.ar\/INDEX\/wp-json\/wp\/v2\/posts\/10808\/revisions"}],"predecessor-version":[{"id":10810,"href":"https:\/\/livingmultimediosde.net.ar\/INDEX\/wp-json\/wp\/v2\/posts\/10808\/revisions\/10810"}],"wp:attachment":[{"href":"https:\/\/livingmultimediosde.net.ar\/INDEX\/wp-json\/wp\/v2\/media?parent=10808"}],"wp:term":[{"taxonomy":"category","embeddable":true,"href":"https:\/\/livingmultimediosde.net.ar\/INDEX\/wp-json\/wp\/v2\/categories?post=10808"},{"taxonomy":"post_tag","embeddable":true,"href":"https:\/\/livingmultimediosde.net.ar\/INDEX\/wp-json\/wp\/v2\/tags?post=10808"}],"curies":[{"name":"wp","href":"https:\/\/api.w.org\/{rel}","templated":true}]}}