{"id":10802,"date":"2024-09-05T16:48:05","date_gmt":"2024-09-05T16:48:05","guid":{"rendered":"https:\/\/livingmultimediosde.net.ar\/INDEX\/?p=10802"},"modified":"2024-09-05T16:48:09","modified_gmt":"2024-09-05T16:48:09","slug":"plan-estrategico-de-ciencia-innovacion-y-tecnologia-2030","status":"publish","type":"post","link":"https:\/\/livingmultimediosde.net.ar\/INDEX\/2024\/09\/plan-estrategico-de-ciencia-innovacion-y-tecnologia-2030\/","title":{"rendered":"PLAN ESTRAT\u00c9GICO DE CIENCIA, INNOVACI\u00d3N Y TECNOLOG\u00cdA 2030"},"content":{"rendered":"\n<p class=\"wp-block-paragraph\">Encabezado por el jefe de Gabinete de Ministros, El\u00edas Su\u00e1rez, junto con el presidente del Conicet, Daniel Salamone, y el rector de la Unse, H\u00e9ctor Paz, se realiz\u00f3 este jueves por la ma\u00f1ana en el Nodo Tecnol\u00f3gico la presentaci\u00f3n del Plan Estrat\u00e9gico de Ciencia, Innovaci\u00f3n y Tecnolog\u00eda 2030, cuya principal misi\u00f3n es \u201cla consolidaci\u00f3n de territorios sostenibles con ciudades inteligentes\u201d.<br>Ante un auditorio colmado, con la presencia de la vicepresidenta de Asuntos Cient\u00edficos del Conicet, Claudia Capurro, y de representantes del \u00e1mbito acad\u00e9mico de la provincia, del Inta, del Inti, investigadores y profesionales de distintas ramas, el jefe de Gabinete transmiti\u00f3 el saludo del gobernador Gerardo Zamora y destac\u00f3 el valor de este plan \u201ccomo herramienta estrat\u00e9gica y prospectiva\u201d.<br>Tambi\u00e9n \u201ccomo una agenda para la acci\u00f3n a corto y mediano plazo\u201d, a partir de una alianza del Estado con el sector privado y distintos actores de Santiago del Estero.<br>\u201cFormulado sobre la base de evidencia t\u00e9cnica y emp\u00edrica, este plan es esencial para el desarrollo de pol\u00edticas p\u00fablicas, planes y programas\u201d, resalt\u00f3 Su\u00e1rez, quien destac\u00f3 adem\u00e1s \u201cel rol del Estado para favorecer el crecimiento y desarrollo planificado, integrando al sector privado, d\u00e1ndole las posibilidades para que nuestra provincia siga creciendo para que sea inclusiva y que permita a todos mirar al futuro con esperanza\u201d.<br>\u201cNos queda un gran trabajo por delante y como venimos trabajando estoy convencido de que vamos a lograr ese crecimiento para toda la provincia\u201d, agreg\u00f3.<br>A su turno, el presidente del Conicet hizo un reconocimiento a la decisi\u00f3n pol\u00edtica del Gobierno santiague\u00f1o de apoyar a los investigadores y puso a disposici\u00f3n todas las capacidades del Consejo Nacional de Investigaciones Cient\u00edficas y T\u00e9cnicas para acompa\u00f1ar el desarrollo de la provincia.<br>\u201cQueremos acompa\u00f1ar para que se realicen doctorados en esta provincia, que la universidad tenga sus doctores pero que tambi\u00e9n los tenga el Inta, el Inti y estamos favoreciendo la interacci\u00f3n con las empresas privadas y vamos a favorecer que los doctorados de una manera participen de proyectos productivos\u201d, precis\u00f3.<br>\u201cEn el Conicet siempre van a encontrar buenos socios para acompa\u00f1ar a todos sus planes, y con este plan estrat\u00e9gico van a definir cu\u00e1les son sus objetivos y nuestro rol va a ser acompa\u00f1ar la direcci\u00f3n que quiera el pueblo de Santiago del Estero\u201d, concluy\u00f3.<\/p>\n","protected":false},"excerpt":{"rendered":"<p>Encabezado por el jefe de Gabinete de Ministros, El\u00edas Su\u00e1rez, junto con el presidente del Conicet, Daniel Salamone, y el rector de la Unse, H\u00e9ctor Paz, se realiz\u00f3 este jueves por la ma\u00f1ana en el Nodo Tecnol\u00f3gico la presentaci\u00f3n del Plan Estrat\u00e9gico de Ciencia, Innovaci\u00f3n y Tecnolog\u00eda 2030, cuya principal misi\u00f3n es \u201cla consolidaci\u00f3n de territorios sostenibles con ciudades inteligentes\u201d.Ante un auditorio colmado, con la presencia de la vicepresidenta de Asuntos Cient\u00edficos del Conicet, Claudia Capurro, y de representantes del \u00e1mbito acad\u00e9mico de la provincia, del Inta, del Inti, investigadores&hellip;<\/p>\n","protected":false},"author":1,"featured_media":0,"comment_status":"open","ping_status":"closed","sticky":false,"template":"","format":"standard","meta":{"footnotes":""},"categories":[9],"tags":[],"class_list":["post-10802","post","type-post","status-publish","format-standard","hentry","category-noticias"],"rttpg_featured_image_url":null,"rttpg_author":{"display_name":"rober","author_link":"https:\/\/livingmultimediosde.net.ar\/INDEX\/author\/rober\/"},"rttpg_comment":0,"rttpg_category":"<a href=\"https:\/\/livingmultimediosde.net.ar\/INDEX\/category\/noticias\/\" rel=\"category tag\">NOTICIAS<\/a>","rttpg_excerpt":"Encabezado por el jefe de Gabinete de Ministros, El\u00edas Su\u00e1rez, junto con el presidente del Conicet, Daniel Salamone, y el rector de la Unse, H\u00e9ctor Paz, se realiz\u00f3 este jueves por la ma\u00f1ana en el Nodo Tecnol\u00f3gico la presentaci\u00f3n del Plan Estrat\u00e9gico de Ciencia, Innovaci\u00f3n y Tecnolog\u00eda 2030, cuya principal misi\u00f3n es \u201cla consolidaci\u00f3n de&hellip;","_links":{"self":[{"href":"https:\/\/livingmultimediosde.net.ar\/INDEX\/wp-json\/wp\/v2\/posts\/10802","targetHints":{"allow":["GET"]}}],"collection":[{"href":"https:\/\/livingmultimediosde.net.ar\/INDEX\/wp-json\/wp\/v2\/posts"}],"about":[{"href":"https:\/\/livingmultimediosde.net.ar\/INDEX\/wp-json\/wp\/v2\/types\/post"}],"author":[{"embeddable":true,"href":"https:\/\/livingmultimediosde.net.ar\/INDEX\/wp-json\/wp\/v2\/users\/1"}],"replies":[{"embeddable":true,"href":"https:\/\/livingmultimediosde.net.ar\/INDEX\/wp-json\/wp\/v2\/comments?post=10802"}],"version-history":[{"count":1,"href":"https:\/\/livingmultimediosde.net.ar\/INDEX\/wp-json\/wp\/v2\/posts\/10802\/revisions"}],"predecessor-version":[{"id":10804,"href":"https:\/\/livingmultimediosde.net.ar\/INDEX\/wp-json\/wp\/v2\/posts\/10802\/revisions\/10804"}],"wp:attachment":[{"href":"https:\/\/livingmultimediosde.net.ar\/INDEX\/wp-json\/wp\/v2\/media?parent=10802"}],"wp:term":[{"taxonomy":"category","embeddable":true,"href":"https:\/\/livingmultimediosde.net.ar\/INDEX\/wp-json\/wp\/v2\/categories?post=10802"},{"taxonomy":"post_tag","embeddable":true,"href":"https:\/\/livingmultimediosde.net.ar\/INDEX\/wp-json\/wp\/v2\/tags?post=10802"}],"curies":[{"name":"wp","href":"https:\/\/api.w.org\/{rel}","templated":true}]}}