{"id":10555,"date":"2024-08-21T13:56:49","date_gmt":"2024-08-21T13:56:49","guid":{"rendered":"https:\/\/livingmultimediosde.net.ar\/INDEX\/?p=10555"},"modified":"2024-08-21T13:56:52","modified_gmt":"2024-08-21T13:56:52","slug":"capacitan-a-personal-de-la-administracion-publica-provincial-en-inteligencia-emocional","status":"publish","type":"post","link":"https:\/\/livingmultimediosde.net.ar\/INDEX\/2024\/08\/capacitan-a-personal-de-la-administracion-publica-provincial-en-inteligencia-emocional\/","title":{"rendered":"Capacitan a personal de la administraci\u00f3n p\u00fablica provincial en Inteligencia Emocional"},"content":{"rendered":"\n<p class=\"wp-block-paragraph\">En el Sal\u00f3n Auditorio de Casa de Gobierno, se realiz\u00f3 este martes una capacitaci\u00f3n sobre Inteligencia Emocional, destinada a empleados p\u00fablicos de la provincia de \u00e1reas de Mantenimiento, como parte del ciclo que lleva adelante la Escuela de Capacitaci\u00f3n Profesional de los Agentes del Estado.<\/p>\n\n\n\n<p class=\"wp-block-paragraph\">Como se recordar\u00e1 este espacio fue creado por el gobernador Gerardo Zamora, en la \u00e1mbito de la Jefatura de Gabinete de Ministros y del Ministerio de Justicia y Derechos Humanos.<\/p>\n\n\n\n<p class=\"wp-block-paragraph\">El encuentro tuvo como disertantes a Javier y Silvina Manzano de la Fundaci\u00f3n Nocka Munayki quienes remarcaron la importancia de la tem\u00e1tica abordada que \u201cdesempe\u00f1a un papel central en el \u00e9xito o el fracaso de todo tipo de relaciones humanas, desde las sentimentales y familiares hasta los v\u00ednculos laborales\u201d.<\/p>\n\n\n\n<p class=\"wp-block-paragraph\">La actividad de la escuela continuar\u00e1 este mi\u00e9rcoles 21 de agosto, con una jornada dedicada al \u00e1rea de Despacho, con la tem\u00e1tica \u201cProcedimiento Administrativo\u201d, presentada por Carolina Ag\u00fcero.<\/p>\n","protected":false},"excerpt":{"rendered":"<p>En el Sal\u00f3n Auditorio de Casa de Gobierno, se realiz\u00f3 este martes una capacitaci\u00f3n sobre Inteligencia Emocional, destinada a empleados p\u00fablicos de la provincia de \u00e1reas de Mantenimiento, como parte del ciclo que lleva adelante la Escuela de Capacitaci\u00f3n Profesional de los Agentes del Estado. Como se recordar\u00e1 este espacio fue creado por el gobernador Gerardo Zamora, en la \u00e1mbito de la Jefatura de Gabinete de Ministros y del Ministerio de Justicia y Derechos Humanos. El encuentro tuvo como disertantes a Javier y Silvina Manzano de la Fundaci\u00f3n Nocka Munayki&hellip;<\/p>\n","protected":false},"author":1,"featured_media":0,"comment_status":"open","ping_status":"closed","sticky":false,"template":"","format":"standard","meta":{"footnotes":""},"categories":[1],"tags":[],"class_list":["post-10555","post","type-post","status-publish","format-standard","hentry","category-uncategorized"],"rttpg_featured_image_url":null,"rttpg_author":{"display_name":"rober","author_link":"https:\/\/livingmultimediosde.net.ar\/INDEX\/author\/rober\/"},"rttpg_comment":0,"rttpg_category":"<a href=\"https:\/\/livingmultimediosde.net.ar\/INDEX\/category\/uncategorized\/\" rel=\"category tag\">Uncategorized<\/a>","rttpg_excerpt":"En el Sal\u00f3n Auditorio de Casa de Gobierno, se realiz\u00f3 este martes una capacitaci\u00f3n sobre Inteligencia Emocional, destinada a empleados p\u00fablicos de la provincia de \u00e1reas de Mantenimiento, como parte del ciclo que lleva adelante la Escuela de Capacitaci\u00f3n Profesional de los Agentes del Estado. Como se recordar\u00e1 este espacio fue creado por el gobernador&hellip;","_links":{"self":[{"href":"https:\/\/livingmultimediosde.net.ar\/INDEX\/wp-json\/wp\/v2\/posts\/10555","targetHints":{"allow":["GET"]}}],"collection":[{"href":"https:\/\/livingmultimediosde.net.ar\/INDEX\/wp-json\/wp\/v2\/posts"}],"about":[{"href":"https:\/\/livingmultimediosde.net.ar\/INDEX\/wp-json\/wp\/v2\/types\/post"}],"author":[{"embeddable":true,"href":"https:\/\/livingmultimediosde.net.ar\/INDEX\/wp-json\/wp\/v2\/users\/1"}],"replies":[{"embeddable":true,"href":"https:\/\/livingmultimediosde.net.ar\/INDEX\/wp-json\/wp\/v2\/comments?post=10555"}],"version-history":[{"count":1,"href":"https:\/\/livingmultimediosde.net.ar\/INDEX\/wp-json\/wp\/v2\/posts\/10555\/revisions"}],"predecessor-version":[{"id":10557,"href":"https:\/\/livingmultimediosde.net.ar\/INDEX\/wp-json\/wp\/v2\/posts\/10555\/revisions\/10557"}],"wp:attachment":[{"href":"https:\/\/livingmultimediosde.net.ar\/INDEX\/wp-json\/wp\/v2\/media?parent=10555"}],"wp:term":[{"taxonomy":"category","embeddable":true,"href":"https:\/\/livingmultimediosde.net.ar\/INDEX\/wp-json\/wp\/v2\/categories?post=10555"},{"taxonomy":"post_tag","embeddable":true,"href":"https:\/\/livingmultimediosde.net.ar\/INDEX\/wp-json\/wp\/v2\/tags?post=10555"}],"curies":[{"name":"wp","href":"https:\/\/api.w.org\/{rel}","templated":true}]}}