{"id":10552,"date":"2024-08-20T19:00:26","date_gmt":"2024-08-20T19:00:26","guid":{"rendered":"https:\/\/livingmultimediosde.net.ar\/INDEX\/?p=10552"},"modified":"2024-08-20T19:01:44","modified_gmt":"2024-08-20T19:01:44","slug":"zamora-recibio-a-estudiantes-de-los-departamentos-taboada-figueroa-ojo-de-agua-y-quebrachos","status":"publish","type":"post","link":"https:\/\/livingmultimediosde.net.ar\/INDEX\/2024\/08\/zamora-recibio-a-estudiantes-de-los-departamentos-taboada-figueroa-ojo-de-agua-y-quebrachos\/","title":{"rendered":"ZAMORA RECIBI\u00d3 A ESTUDIANTES DE LOS DEPARTAMENTOS TABOADA, FIGUEROA, OJO DE AGUA Y QUEBRACHOS"},"content":{"rendered":"\n<p class=\"wp-block-paragraph\">En el marco del Programa \u201cConociendo Mi provincia\u201d, el gobernador Gerardo Zamora recibi\u00f3 este martes en Casa de Gobierno la visita de cien alumnos y docentes de los colegios \u201cSan Carlos Borromeo\u201d de Taca\u00f1itas, departamento Taboada; \u201cColonia San Juan\u201d de San Juan y \u201cArcadio Su\u00e1rez\u201d, de la La Ca\u00f1ada, del Dpto. Figueroa; del Instituto \u201cMiecio Lagazzi\u201d de Sol de Julio, Dpto. Ojo de Agua y del Agrupamiento N\u00ba 86.008 con sede en la Escuela N\u00ba 825 de Campo de Cisne, Dpto. Quebrachos.<br>El encuentro se llev\u00f3 a cabo en el Sal\u00f3n de Acuerdos como parte de las actividades que forman parte del programa que permite a los alumnos que cursan el \u00faltimo a\u00f1o de la secundaria realizar un viaje a la ciudad Capital, Las Termas de R\u00edo Hondo y Villa la Punta para conocer lugares emblem\u00e1ticos, hist\u00f3ricos y tur\u00edsticos de la provincia.<br>En ese sentido, los docentes expresaron su agradecimiento por la oportunidad que se le brinda a los estudiantes de vivir esta experiencia de manera gratuita, quienes pueden compartir un momento con alumnos de otros puntos de la provincia.<br>Tambi\u00e9n destacaron las inversiones que realiza la provincia para potenciar las capacidades de los chicos a trav\u00e9s de refuerzos nutricionales, mayores comodidades edilicias y el acceso a Internet y herramientas tecnol\u00f3gicas.<br>Por su parte, el gobernador Zamora expres\u00f3 su alegr\u00eda por recibirlos y el acompa\u00f1amiento de los docentes en esta ocasi\u00f3n y el esfuerzo que realizan para guiarlos durante todo el proceso de formaci\u00f3n educativa, y que tengan la oportunidad de hacer un peque\u00f1o viaje de fin de curso que les permita confraternizar y conocer lugares y la historia de nuestra provincia.<\/p>\n","protected":false},"excerpt":{"rendered":"<p>En el marco del Programa \u201cConociendo Mi provincia\u201d, el gobernador Gerardo Zamora recibi\u00f3 este martes en Casa de Gobierno la visita de cien alumnos y docentes de los colegios \u201cSan Carlos Borromeo\u201d de Taca\u00f1itas, departamento Taboada; \u201cColonia San Juan\u201d de San Juan y \u201cArcadio Su\u00e1rez\u201d, de la La Ca\u00f1ada, del Dpto. Figueroa; del Instituto \u201cMiecio Lagazzi\u201d de Sol de Julio, Dpto. Ojo de Agua y del Agrupamiento N\u00ba 86.008 con sede en la Escuela N\u00ba 825 de Campo de Cisne, Dpto. Quebrachos.El encuentro se llev\u00f3 a cabo en el Sal\u00f3n&hellip;<\/p>\n","protected":false},"author":1,"featured_media":0,"comment_status":"open","ping_status":"closed","sticky":false,"template":"","format":"standard","meta":{"footnotes":""},"categories":[9],"tags":[],"class_list":["post-10552","post","type-post","status-publish","format-standard","hentry","category-noticias"],"rttpg_featured_image_url":null,"rttpg_author":{"display_name":"rober","author_link":"https:\/\/livingmultimediosde.net.ar\/INDEX\/author\/rober\/"},"rttpg_comment":0,"rttpg_category":"<a href=\"https:\/\/livingmultimediosde.net.ar\/INDEX\/category\/noticias\/\" rel=\"category tag\">NOTICIAS<\/a>","rttpg_excerpt":"En el marco del Programa \u201cConociendo Mi provincia\u201d, el gobernador Gerardo Zamora recibi\u00f3 este martes en Casa de Gobierno la visita de cien alumnos y docentes de los colegios \u201cSan Carlos Borromeo\u201d de Taca\u00f1itas, departamento Taboada; \u201cColonia San Juan\u201d de San Juan y \u201cArcadio Su\u00e1rez\u201d, de la La Ca\u00f1ada, del Dpto. Figueroa; del Instituto \u201cMiecio&hellip;","_links":{"self":[{"href":"https:\/\/livingmultimediosde.net.ar\/INDEX\/wp-json\/wp\/v2\/posts\/10552","targetHints":{"allow":["GET"]}}],"collection":[{"href":"https:\/\/livingmultimediosde.net.ar\/INDEX\/wp-json\/wp\/v2\/posts"}],"about":[{"href":"https:\/\/livingmultimediosde.net.ar\/INDEX\/wp-json\/wp\/v2\/types\/post"}],"author":[{"embeddable":true,"href":"https:\/\/livingmultimediosde.net.ar\/INDEX\/wp-json\/wp\/v2\/users\/1"}],"replies":[{"embeddable":true,"href":"https:\/\/livingmultimediosde.net.ar\/INDEX\/wp-json\/wp\/v2\/comments?post=10552"}],"version-history":[{"count":1,"href":"https:\/\/livingmultimediosde.net.ar\/INDEX\/wp-json\/wp\/v2\/posts\/10552\/revisions"}],"predecessor-version":[{"id":10554,"href":"https:\/\/livingmultimediosde.net.ar\/INDEX\/wp-json\/wp\/v2\/posts\/10552\/revisions\/10554"}],"wp:attachment":[{"href":"https:\/\/livingmultimediosde.net.ar\/INDEX\/wp-json\/wp\/v2\/media?parent=10552"}],"wp:term":[{"taxonomy":"category","embeddable":true,"href":"https:\/\/livingmultimediosde.net.ar\/INDEX\/wp-json\/wp\/v2\/categories?post=10552"},{"taxonomy":"post_tag","embeddable":true,"href":"https:\/\/livingmultimediosde.net.ar\/INDEX\/wp-json\/wp\/v2\/tags?post=10552"}],"curies":[{"name":"wp","href":"https:\/\/api.w.org\/{rel}","templated":true}]}}