{"id":10546,"date":"2024-08-20T18:39:14","date_gmt":"2024-08-20T18:39:14","guid":{"rendered":"https:\/\/livingmultimediosde.net.ar\/INDEX\/?p=10546"},"modified":"2024-08-20T18:39:17","modified_gmt":"2024-08-20T18:39:17","slug":"santiago-del-estero-entre-las-unicas-cuatro-provincias-que-cumplieron-con-los-dias-de-clase-planificados","status":"publish","type":"post","link":"https:\/\/livingmultimediosde.net.ar\/INDEX\/2024\/08\/santiago-del-estero-entre-las-unicas-cuatro-provincias-que-cumplieron-con-los-dias-de-clase-planificados\/","title":{"rendered":"Santiago del Estero entre las \u00fanicas cuatro provincias que cumplieron con los d\u00edas de clase planificados"},"content":{"rendered":"\n<h4 class=\"wp-block-heading\">Son datos de un relevamiento de la organizaci\u00f3n Coalici\u00f3n por la Educaci\u00f3n.<\/h4>\n\n\n\n<p class=\"wp-block-paragraph\">La provincia de&nbsp;<strong>Santiago del Estero<\/strong>&nbsp;es una de las cuatro provincias que cumplieron hasta el mes de junio del corriente a\u00f1o, con el 100% de los d\u00edas de clases planificados con el calendario escolar 2024 pautado para la escuela primaria. Los datos fueron recogidos por un estudio que identific\u00f3 cu\u00e1ntos d\u00edas de clase se dictaron en cada una de las 24 jurisdicciones argentinas, cu\u00e1ntos se perdieron y por qu\u00e9 razones.<\/p>\n\n\n\n<p class=\"wp-block-paragraph\">Santiago del Estero comparte este privilegio con Formosa, Mendoza, San Luis y Salta.<\/p>\n\n\n\n<figure class=\"wp-block-image\"><img decoding=\"async\" data-src=\"https:\/\/elurbanoweb.ar\/wp-content\/uploads\/2024\/08\/WhatsApp-Image-2024-08-20-at-14.46.36-1.jpeg\" src=\"data:image\/gif;base64,R0lGODlhAQABAIAAAAAAAP\/\/\/yH5BAEAAAAALAAAAAABAAEAAAIBRAA7\" alt=\"\" class=\"wp-image-88302 lazyload\"\/><noscript><img decoding=\"async\" src=\"https:\/\/elurbanoweb.ar\/wp-content\/uploads\/2024\/08\/WhatsApp-Image-2024-08-20-at-14.46.36-1.jpeg\" alt=\"\" class=\"wp-image-88302\"><\/noscript><\/figure>\n\n\n\n<p class=\"wp-block-paragraph\"><strong>En 2024, los calendarios de todas las provincias cumplen con el piso legal de 180 d\u00edas y se planificaron, en promedio, 187 d\u00edas de clase en el pa\u00eds<\/strong>. La cifra ha crecido desde el a\u00f1o 2020 (primera vez que Argentinos por la Educaci\u00f3n realiz\u00f3 un informe de calendarios escolares), cuando el promedio nacional hab\u00eda sido de 178 d\u00edas previstos en los calendarios escolares.<\/p>\n\n\n\n<p class=\"wp-block-paragraph\">En este sentido, el relevamiento tambi\u00e9n muestra una mejora con respecto a a\u00f1os anteriores. En 2023, Jujuy (178) no hab\u00eda programado los 180 d\u00edas de clase al comienzo del ciclo. En 2022 hab\u00edan sido 3 las provincias que no alcanzaban el piso m\u00ednimo de 180 d\u00edas de clase, mientras que fueron 10 en 2021 y el n\u00famero ascend\u00eda a 14 en 2020.<\/p>\n\n\n\n<p class=\"wp-block-paragraph\">El informe&nbsp;se\u00f1ala&nbsp;que en Argentina<strong>&nbsp;no existen datos p\u00fablicos sobre la cantidad de d\u00edas y horas efectivas de clase que tienen los chicos.<\/strong>&nbsp;Adem\u00e1s, no existe informaci\u00f3n p\u00fablica sobre presentismo de estudiantes, docentes, cierres por problemas clim\u00e1ticos, edilicios, o paros docentes.<\/p>\n\n\n\n<p class=\"wp-block-paragraph\">\u201cEstamos en condiciones de pasar a una etapa de an\u00e1lisis m\u00e1s fino sobre el tiempo que pasan los estudiantes en la escuela\u201d,&nbsp;concluye&nbsp;Mart\u00edn M\u00fcller, expresidente del Consejo General de Educaci\u00f3n de Entre R\u00edos.<\/p>\n\n\n\n<p class=\"wp-block-paragraph\">Y agrega: \u201cLa verdadera discusi\u00f3n sobre los d\u00edas efectivos de clases s\u00f3lo podr\u00e1 darse cuando todas las provincias cuenten con sistemas de gesti\u00f3n educativa que indiquen alumnos nominalizados y fundamentalmente, su asistencia diaria\u201d.<\/p>\n\n\n\n<p class=\"wp-block-paragraph\"><a target=\"_blank\" rel=\"noreferrer noopener\" href=\"https:\/\/www.facebook.com\/sharer\/sharer.php?u=https%3A%2F%2Frdmsantiago.com.ar%2F2024%2F08%2F20%2Fsantiago-del-estero-entre-las-unicas-cinco-provincias-que-cumplieron-con-los-dias-de-clase-planificados%2F\"><\/a><\/p>\n","protected":false},"excerpt":{"rendered":"<p>Son datos de un relevamiento de la organizaci\u00f3n Coalici\u00f3n por la Educaci\u00f3n. La provincia de&nbsp;Santiago del Estero&nbsp;es una de las cuatro provincias que cumplieron hasta el mes de junio del corriente a\u00f1o, con el 100% de los d\u00edas de clases planificados con el calendario escolar 2024 pautado para la escuela primaria. Los datos fueron recogidos por un estudio que identific\u00f3 cu\u00e1ntos d\u00edas de clase se dictaron en cada una de las 24 jurisdicciones argentinas, cu\u00e1ntos se perdieron y por qu\u00e9 razones. Santiago del Estero comparte este privilegio con Formosa, Mendoza,&hellip;<\/p>\n","protected":false},"author":1,"featured_media":0,"comment_status":"open","ping_status":"closed","sticky":false,"template":"","format":"standard","meta":{"footnotes":""},"categories":[4,9],"tags":[],"class_list":["post-10546","post","type-post","status-publish","format-standard","hentry","category-interes-general","category-noticias"],"rttpg_featured_image_url":null,"rttpg_author":{"display_name":"rober","author_link":"https:\/\/livingmultimediosde.net.ar\/INDEX\/author\/rober\/"},"rttpg_comment":0,"rttpg_category":"<a href=\"https:\/\/livingmultimediosde.net.ar\/INDEX\/category\/interes-general\/\" rel=\"category tag\">INTERES GENERAL<\/a> <a href=\"https:\/\/livingmultimediosde.net.ar\/INDEX\/category\/noticias\/\" rel=\"category tag\">NOTICIAS<\/a>","rttpg_excerpt":"Son datos de un relevamiento de la organizaci\u00f3n Coalici\u00f3n por la Educaci\u00f3n. La provincia de&nbsp;Santiago del Estero&nbsp;es una de las cuatro provincias que cumplieron hasta el mes de junio del corriente a\u00f1o, con el 100% de los d\u00edas de clases planificados con el calendario escolar 2024 pautado para la escuela primaria. Los datos fueron recogidos&hellip;","_links":{"self":[{"href":"https:\/\/livingmultimediosde.net.ar\/INDEX\/wp-json\/wp\/v2\/posts\/10546","targetHints":{"allow":["GET"]}}],"collection":[{"href":"https:\/\/livingmultimediosde.net.ar\/INDEX\/wp-json\/wp\/v2\/posts"}],"about":[{"href":"https:\/\/livingmultimediosde.net.ar\/INDEX\/wp-json\/wp\/v2\/types\/post"}],"author":[{"embeddable":true,"href":"https:\/\/livingmultimediosde.net.ar\/INDEX\/wp-json\/wp\/v2\/users\/1"}],"replies":[{"embeddable":true,"href":"https:\/\/livingmultimediosde.net.ar\/INDEX\/wp-json\/wp\/v2\/comments?post=10546"}],"version-history":[{"count":1,"href":"https:\/\/livingmultimediosde.net.ar\/INDEX\/wp-json\/wp\/v2\/posts\/10546\/revisions"}],"predecessor-version":[{"id":10548,"href":"https:\/\/livingmultimediosde.net.ar\/INDEX\/wp-json\/wp\/v2\/posts\/10546\/revisions\/10548"}],"wp:attachment":[{"href":"https:\/\/livingmultimediosde.net.ar\/INDEX\/wp-json\/wp\/v2\/media?parent=10546"}],"wp:term":[{"taxonomy":"category","embeddable":true,"href":"https:\/\/livingmultimediosde.net.ar\/INDEX\/wp-json\/wp\/v2\/categories?post=10546"},{"taxonomy":"post_tag","embeddable":true,"href":"https:\/\/livingmultimediosde.net.ar\/INDEX\/wp-json\/wp\/v2\/tags?post=10546"}],"curies":[{"name":"wp","href":"https:\/\/api.w.org\/{rel}","templated":true}]}}