{"id":10537,"date":"2024-08-20T14:58:27","date_gmt":"2024-08-20T14:58:27","guid":{"rendered":"https:\/\/livingmultimediosde.net.ar\/INDEX\/?p=10537"},"modified":"2024-08-20T14:58:30","modified_gmt":"2024-08-20T14:58:30","slug":"villarruel-se-desligo-de-los-aumentos-en-las-dietas-de-los-senadores","status":"publish","type":"post","link":"https:\/\/livingmultimediosde.net.ar\/INDEX\/2024\/08\/villarruel-se-desligo-de-los-aumentos-en-las-dietas-de-los-senadores\/","title":{"rendered":"Villarruel se deslig\u00f3 de los aumentos en las dietas de los senadores"},"content":{"rendered":"\n<p class=\"wp-block-paragraph\">La vicepresidenta Victoria Villarruel tom\u00f3 distancia de los \u00faltimos aumentos en las dietas de los senadores que generaron pol\u00e9mica y la ira del presidente Javier Milei al aclarar que tiene injerencia solo \u201csobre las paritarias a los empleados\u201d.<\/p>\n\n\n\n<p class=\"wp-block-paragraph\">\u201cEs facultad de los senadores desengancharse o no de las paritarias de los trabajadores. Yo solo decido sobre las paritarias a los empleados\u201d, plante\u00f3 la titular del Senado desde una historia de su cuenta de Instagram tras el cuestionamiento de un usuario.<\/p>\n\n\n\n<p class=\"wp-block-paragraph\">Villarruel se deslig\u00f3 de los aumentos en las dietas de los senadores<br>Las aclaraciones de Villarruel llegan luego de que la C\u00e1mara de Senadores acordara un incremento en las dietas de los legisladores nacionales en base a la paritaria que cerraron los gremios estatales de 6,5% en dos tramos, por lo que pasar\u00e1n a cobrar 9 millones de pesos mensuales.<\/p>\n\n\n\n<p class=\"wp-block-paragraph\">Seg\u00fan supo la agencia Noticias Argentinas en di\u00e1logo con altas fuentes de la Presidencia del Senado, la vicepresidenta no estaba de acuerdo con incluir en la resoluci\u00f3n a los senadores, e intent\u00f3 sin \u00e9xito que \u00e9stos se \u201cdesengancharan del aumento\u201d.<\/p>\n\n\n\n<p class=\"wp-block-paragraph\">En base a lo acordado, el primer tramo del aumento ser\u00e1 del 3,5% retroactivo al 1 de julio, mientras que el restante 3% se aplicar\u00e1 tomando como punto de inicio el 1 de agosto.<\/p>\n\n\n\n<p class=\"wp-block-paragraph\">\u201cLos senadores de nuevo se aumentan el sueldo cuando la mayor parte del pueblo se est\u00e1 bancando toda! Victoria Villarruel ponete las pilas, loco. Y el pueblo argentino es hora de empezar a tener participaci\u00f3n en la pol\u00edtica y no dejarnos avasallar m\u00e1s! Por nadie ni por que dice que es por la libertad\u201d, cuestion\u00f3 el usuario de Instagram @Almiron264, quien recibi\u00f3 la r\u00e1pida respuesta de Villarruel.<\/p>\n\n\n\n<p class=\"wp-block-paragraph\">A pesar del enojo de Casa Rosada y el rechazo que manifest\u00f3 el presidente por la suba en los sueldos, la titular del Senado reflot\u00f3 una vieja publicaci\u00f3n de X en la que aclaraba que no cobra del Senado ni puede interferir en las decisiones. \u201cTampoco puedo obligar a que se vote nominalmente ni a que se justifique la decisi\u00f3n avalada por todos, porque NO soy senadora\u201d, sostuvo el 18 de abril.<\/p>\n","protected":false},"excerpt":{"rendered":"<p>La vicepresidenta Victoria Villarruel tom\u00f3 distancia de los \u00faltimos aumentos en las dietas de los senadores que generaron pol\u00e9mica y la ira del presidente Javier Milei al aclarar que tiene injerencia solo \u201csobre las paritarias a los empleados\u201d. \u201cEs facultad de los senadores desengancharse o no de las paritarias de los trabajadores. Yo solo decido sobre las paritarias a los empleados\u201d, plante\u00f3 la titular del Senado desde una historia de su cuenta de Instagram tras el cuestionamiento de un usuario. Villarruel se deslig\u00f3 de los aumentos en las dietas de&hellip;<\/p>\n","protected":false},"author":1,"featured_media":0,"comment_status":"open","ping_status":"closed","sticky":false,"template":"","format":"standard","meta":{"footnotes":""},"categories":[4],"tags":[],"class_list":["post-10537","post","type-post","status-publish","format-standard","hentry","category-interes-general"],"rttpg_featured_image_url":null,"rttpg_author":{"display_name":"rober","author_link":"https:\/\/livingmultimediosde.net.ar\/INDEX\/author\/rober\/"},"rttpg_comment":0,"rttpg_category":"<a href=\"https:\/\/livingmultimediosde.net.ar\/INDEX\/category\/interes-general\/\" rel=\"category tag\">INTERES GENERAL<\/a>","rttpg_excerpt":"La vicepresidenta Victoria Villarruel tom\u00f3 distancia de los \u00faltimos aumentos en las dietas de los senadores que generaron pol\u00e9mica y la ira del presidente Javier Milei al aclarar que tiene injerencia solo \u201csobre las paritarias a los empleados\u201d. \u201cEs facultad de los senadores desengancharse o no de las paritarias de los trabajadores. Yo solo decido&hellip;","_links":{"self":[{"href":"https:\/\/livingmultimediosde.net.ar\/INDEX\/wp-json\/wp\/v2\/posts\/10537","targetHints":{"allow":["GET"]}}],"collection":[{"href":"https:\/\/livingmultimediosde.net.ar\/INDEX\/wp-json\/wp\/v2\/posts"}],"about":[{"href":"https:\/\/livingmultimediosde.net.ar\/INDEX\/wp-json\/wp\/v2\/types\/post"}],"author":[{"embeddable":true,"href":"https:\/\/livingmultimediosde.net.ar\/INDEX\/wp-json\/wp\/v2\/users\/1"}],"replies":[{"embeddable":true,"href":"https:\/\/livingmultimediosde.net.ar\/INDEX\/wp-json\/wp\/v2\/comments?post=10537"}],"version-history":[{"count":1,"href":"https:\/\/livingmultimediosde.net.ar\/INDEX\/wp-json\/wp\/v2\/posts\/10537\/revisions"}],"predecessor-version":[{"id":10539,"href":"https:\/\/livingmultimediosde.net.ar\/INDEX\/wp-json\/wp\/v2\/posts\/10537\/revisions\/10539"}],"wp:attachment":[{"href":"https:\/\/livingmultimediosde.net.ar\/INDEX\/wp-json\/wp\/v2\/media?parent=10537"}],"wp:term":[{"taxonomy":"category","embeddable":true,"href":"https:\/\/livingmultimediosde.net.ar\/INDEX\/wp-json\/wp\/v2\/categories?post=10537"},{"taxonomy":"post_tag","embeddable":true,"href":"https:\/\/livingmultimediosde.net.ar\/INDEX\/wp-json\/wp\/v2\/tags?post=10537"}],"curies":[{"name":"wp","href":"https:\/\/api.w.org\/{rel}","templated":true}]}}