{"id":10529,"date":"2024-08-20T03:39:26","date_gmt":"2024-08-20T03:39:26","guid":{"rendered":"https:\/\/livingmultimediosde.net.ar\/INDEX\/?p=10529"},"modified":"2024-08-20T03:39:28","modified_gmt":"2024-08-20T03:39:28","slug":"se-dicto-una-nueva-capacitacion-a-empleados-publicos-provinciales","status":"publish","type":"post","link":"https:\/\/livingmultimediosde.net.ar\/INDEX\/2024\/08\/se-dicto-una-nueva-capacitacion-a-empleados-publicos-provinciales\/","title":{"rendered":"SE DICT\u00d3 UNA NUEVA CAPACITACI\u00d3N A EMPLEADOS P\u00daBLICOS PROVINCIALES"},"content":{"rendered":"\n<p class=\"wp-block-paragraph\">En el Sal\u00f3n Auditorio de la Casa de Gobierno, se realiz\u00f3 una nueva jornada de capacitaci\u00f3n dirigida a empleados p\u00fablicos de la provincia, programa impulsado por el gobernador Gerardo Zamora a trav\u00e9s de la Escuela de Capacitaci\u00f3n Profesional de los Agentes del Estado, coordinado por la Jefatura de Gabinete de Ministros y el Ministerio de Justicia y Derechos Humanos.<br>El encuentro estuvo destinado a los trabajadores del \u00e1rea de Atenci\u00f3n al Cliente y cont\u00f3 con las presentaciones de la mag\u00edster M\u00f3nica Mattar y la licenciada Cecilia Grand, quienes abordaron la tem\u00e1tica \u201cComunicaci\u00f3n y Empat\u00eda en la Organizaci\u00f3n\u201d.<br>La presentaci\u00f3n estuvo a cargo del asesor del ministerio de Justicia, Agust\u00edn Argibay, quien destac\u00f3 la relevancia de estas capacitaciones para elevar el nivel de profesionalismo y eficiencia de los empleados del Estado para una mejor prestaci\u00f3n ante las necesidades de los ciudadanos.<br>Seguidamente, Mattar hizo hincapi\u00e9 en el compromiso necesario para adquirir competencias esenciales en la atenci\u00f3n al p\u00fablico, como una comunicaci\u00f3n efectiva y una colaboraci\u00f3n fluida con los compa\u00f1eros de trabajo. Se\u00f1al\u00f3 que estos aspectos son fundamentales tanto para el desarrollo profesional como para la experiencia laboral de los empleados.<br>Por su parte, Grand resalt\u00f3 la importancia de una atenci\u00f3n basada en la claridad y la sencillez del mensaje, as\u00ed como en una actitud positiva.<\/p>\n","protected":false},"excerpt":{"rendered":"<p>En el Sal\u00f3n Auditorio de la Casa de Gobierno, se realiz\u00f3 una nueva jornada de capacitaci\u00f3n dirigida a empleados p\u00fablicos de la provincia, programa impulsado por el gobernador Gerardo Zamora a trav\u00e9s de la Escuela de Capacitaci\u00f3n Profesional de los Agentes del Estado, coordinado por la Jefatura de Gabinete de Ministros y el Ministerio de Justicia y Derechos Humanos.El encuentro estuvo destinado a los trabajadores del \u00e1rea de Atenci\u00f3n al Cliente y cont\u00f3 con las presentaciones de la mag\u00edster M\u00f3nica Mattar y la licenciada Cecilia Grand, quienes abordaron la tem\u00e1tica&hellip;<\/p>\n","protected":false},"author":1,"featured_media":0,"comment_status":"open","ping_status":"closed","sticky":false,"template":"","format":"standard","meta":{"footnotes":""},"categories":[1],"tags":[],"class_list":["post-10529","post","type-post","status-publish","format-standard","hentry","category-uncategorized"],"rttpg_featured_image_url":null,"rttpg_author":{"display_name":"rober","author_link":"https:\/\/livingmultimediosde.net.ar\/INDEX\/author\/rober\/"},"rttpg_comment":0,"rttpg_category":"<a href=\"https:\/\/livingmultimediosde.net.ar\/INDEX\/category\/uncategorized\/\" rel=\"category tag\">Uncategorized<\/a>","rttpg_excerpt":"En el Sal\u00f3n Auditorio de la Casa de Gobierno, se realiz\u00f3 una nueva jornada de capacitaci\u00f3n dirigida a empleados p\u00fablicos de la provincia, programa impulsado por el gobernador Gerardo Zamora a trav\u00e9s de la Escuela de Capacitaci\u00f3n Profesional de los Agentes del Estado, coordinado por la Jefatura de Gabinete de Ministros y el Ministerio de&hellip;","_links":{"self":[{"href":"https:\/\/livingmultimediosde.net.ar\/INDEX\/wp-json\/wp\/v2\/posts\/10529","targetHints":{"allow":["GET"]}}],"collection":[{"href":"https:\/\/livingmultimediosde.net.ar\/INDEX\/wp-json\/wp\/v2\/posts"}],"about":[{"href":"https:\/\/livingmultimediosde.net.ar\/INDEX\/wp-json\/wp\/v2\/types\/post"}],"author":[{"embeddable":true,"href":"https:\/\/livingmultimediosde.net.ar\/INDEX\/wp-json\/wp\/v2\/users\/1"}],"replies":[{"embeddable":true,"href":"https:\/\/livingmultimediosde.net.ar\/INDEX\/wp-json\/wp\/v2\/comments?post=10529"}],"version-history":[{"count":1,"href":"https:\/\/livingmultimediosde.net.ar\/INDEX\/wp-json\/wp\/v2\/posts\/10529\/revisions"}],"predecessor-version":[{"id":10531,"href":"https:\/\/livingmultimediosde.net.ar\/INDEX\/wp-json\/wp\/v2\/posts\/10529\/revisions\/10531"}],"wp:attachment":[{"href":"https:\/\/livingmultimediosde.net.ar\/INDEX\/wp-json\/wp\/v2\/media?parent=10529"}],"wp:term":[{"taxonomy":"category","embeddable":true,"href":"https:\/\/livingmultimediosde.net.ar\/INDEX\/wp-json\/wp\/v2\/categories?post=10529"},{"taxonomy":"post_tag","embeddable":true,"href":"https:\/\/livingmultimediosde.net.ar\/INDEX\/wp-json\/wp\/v2\/tags?post=10529"}],"curies":[{"name":"wp","href":"https:\/\/api.w.org\/{rel}","templated":true}]}}