{"id":10522,"date":"2024-08-19T19:24:03","date_gmt":"2024-08-19T19:24:03","guid":{"rendered":"https:\/\/livingmultimediosde.net.ar\/INDEX\/?p=10522"},"modified":"2024-08-19T19:24:06","modified_gmt":"2024-08-19T19:24:06","slug":"cronograma-de-pagos-de-planes-de-emergencia-provinciales-de-agosto","status":"publish","type":"post","link":"https:\/\/livingmultimediosde.net.ar\/INDEX\/2024\/08\/cronograma-de-pagos-de-planes-de-emergencia-provinciales-de-agosto\/","title":{"rendered":"CRONOGRAMA DE PAGOS DE PLANES DE EMERGENCIA PROVINCIALES DE AGOSTO"},"content":{"rendered":"\n<p class=\"wp-block-paragraph\">El Ministerio de Justicia y Derechos Humanos dio a conocer el cronograma de pago para los beneficiarios de los Planes de Emergencia de la provincia correspondiente al mes de agosto.<br>Como es habitual, el pago se realizar\u00e1 en las sucursales del Banco Santiago de toda la provincia.<br>Para las personas con domicilio en Capital y La Banda, cuyos DNI finalizan en 0, 1, 2 o 3, el pago se iniciar\u00e1 este mi\u00e9rcoles 21. El jueves continuar\u00e1 para aquellos con documentos terminados en 4, 5 y 6 y el viernes pr\u00f3ximo ser\u00e1 el turno de aquellos cuyos DNI finalizan en 7, 8 o 9.<br>Por otra parte, los beneficiarios del resto de la provincia podr\u00e1n concurrir a partir de este mi\u00e9rcoles 21 a la sucursal del Banco Santiago m\u00e1s cercana a su domicilio.<br>Se recuerda tambi\u00e9n que los beneficiarios deben concurrir el d\u00eda que le corresponda, conforme a la terminaci\u00f3n de su DNI, de forma personal, de 7.45 a 12.45.<\/p>\n","protected":false},"excerpt":{"rendered":"<p>El Ministerio de Justicia y Derechos Humanos dio a conocer el cronograma de pago para los beneficiarios de los Planes de Emergencia de la provincia correspondiente al mes de agosto.Como es habitual, el pago se realizar\u00e1 en las sucursales del Banco Santiago de toda la provincia.Para las personas con domicilio en Capital y La Banda, cuyos DNI finalizan en 0, 1, 2 o 3, el pago se iniciar\u00e1 este mi\u00e9rcoles 21. El jueves continuar\u00e1 para aquellos con documentos terminados en 4, 5 y 6 y el viernes pr\u00f3ximo ser\u00e1 el&hellip;<\/p>\n","protected":false},"author":1,"featured_media":0,"comment_status":"open","ping_status":"closed","sticky":false,"template":"","format":"standard","meta":{"footnotes":""},"categories":[1],"tags":[],"class_list":["post-10522","post","type-post","status-publish","format-standard","hentry","category-uncategorized"],"rttpg_featured_image_url":null,"rttpg_author":{"display_name":"rober","author_link":"https:\/\/livingmultimediosde.net.ar\/INDEX\/author\/rober\/"},"rttpg_comment":0,"rttpg_category":"<a href=\"https:\/\/livingmultimediosde.net.ar\/INDEX\/category\/uncategorized\/\" rel=\"category tag\">Uncategorized<\/a>","rttpg_excerpt":"El Ministerio de Justicia y Derechos Humanos dio a conocer el cronograma de pago para los beneficiarios de los Planes de Emergencia de la provincia correspondiente al mes de agosto.Como es habitual, el pago se realizar\u00e1 en las sucursales del Banco Santiago de toda la provincia.Para las personas con domicilio en Capital y La Banda,&hellip;","_links":{"self":[{"href":"https:\/\/livingmultimediosde.net.ar\/INDEX\/wp-json\/wp\/v2\/posts\/10522","targetHints":{"allow":["GET"]}}],"collection":[{"href":"https:\/\/livingmultimediosde.net.ar\/INDEX\/wp-json\/wp\/v2\/posts"}],"about":[{"href":"https:\/\/livingmultimediosde.net.ar\/INDEX\/wp-json\/wp\/v2\/types\/post"}],"author":[{"embeddable":true,"href":"https:\/\/livingmultimediosde.net.ar\/INDEX\/wp-json\/wp\/v2\/users\/1"}],"replies":[{"embeddable":true,"href":"https:\/\/livingmultimediosde.net.ar\/INDEX\/wp-json\/wp\/v2\/comments?post=10522"}],"version-history":[{"count":1,"href":"https:\/\/livingmultimediosde.net.ar\/INDEX\/wp-json\/wp\/v2\/posts\/10522\/revisions"}],"predecessor-version":[{"id":10523,"href":"https:\/\/livingmultimediosde.net.ar\/INDEX\/wp-json\/wp\/v2\/posts\/10522\/revisions\/10523"}],"wp:attachment":[{"href":"https:\/\/livingmultimediosde.net.ar\/INDEX\/wp-json\/wp\/v2\/media?parent=10522"}],"wp:term":[{"taxonomy":"category","embeddable":true,"href":"https:\/\/livingmultimediosde.net.ar\/INDEX\/wp-json\/wp\/v2\/categories?post=10522"},{"taxonomy":"post_tag","embeddable":true,"href":"https:\/\/livingmultimediosde.net.ar\/INDEX\/wp-json\/wp\/v2\/tags?post=10522"}],"curies":[{"name":"wp","href":"https:\/\/api.w.org\/{rel}","templated":true}]}}