{"id":10513,"date":"2024-08-19T14:24:42","date_gmt":"2024-08-19T14:24:42","guid":{"rendered":"https:\/\/livingmultimediosde.net.ar\/INDEX\/?p=10513"},"modified":"2024-08-19T14:24:45","modified_gmt":"2024-08-19T14:24:45","slug":"festejos-por-el-dia-de-las-infancias","status":"publish","type":"post","link":"https:\/\/livingmultimediosde.net.ar\/INDEX\/2024\/08\/festejos-por-el-dia-de-las-infancias\/","title":{"rendered":"FESTEJOS POR EL D\u00cdA DE LAS INFANCIAS"},"content":{"rendered":"\n<p class=\"wp-block-paragraph\">En el marco de los festejos por el D\u00eda de las Infancias a celebrarse el pr\u00f3ximo domingo, alumnos y docentes del CETSE (Centro Educativo Terap\u00e9utico Santiago del Estero), realizaron una jornada de juegos y recreaci\u00f3n para socializaci\u00f3n de los pacientes, en el \u00e1rea parquizada del Concejo Deliberante.<\/p>\n","protected":false},"excerpt":{"rendered":"<p>En el marco de los festejos por el D\u00eda de las Infancias a celebrarse el pr\u00f3ximo domingo, alumnos y docentes del CETSE (Centro Educativo Terap\u00e9utico Santiago del Estero), realizaron una jornada de juegos y recreaci\u00f3n para socializaci\u00f3n de los pacientes, en el \u00e1rea parquizada del Concejo Deliberante.<\/p>\n","protected":false},"author":1,"featured_media":0,"comment_status":"open","ping_status":"closed","sticky":false,"template":"","format":"standard","meta":{"footnotes":""},"categories":[3],"tags":[],"class_list":["post-10513","post","type-post","status-publish","format-standard","hentry","category-hcd-capital"],"rttpg_featured_image_url":null,"rttpg_author":{"display_name":"rober","author_link":"https:\/\/livingmultimediosde.net.ar\/INDEX\/author\/rober\/"},"rttpg_comment":0,"rttpg_category":"<a href=\"https:\/\/livingmultimediosde.net.ar\/INDEX\/category\/hcd-capital\/\" rel=\"category tag\">HCD CAPITAL<\/a>","rttpg_excerpt":"En el marco de los festejos por el D\u00eda de las Infancias a celebrarse el pr\u00f3ximo domingo, alumnos y docentes del CETSE (Centro Educativo Terap\u00e9utico Santiago del Estero), realizaron una jornada de juegos y recreaci\u00f3n para socializaci\u00f3n de los pacientes, en el \u00e1rea parquizada del Concejo Deliberante.","_links":{"self":[{"href":"https:\/\/livingmultimediosde.net.ar\/INDEX\/wp-json\/wp\/v2\/posts\/10513","targetHints":{"allow":["GET"]}}],"collection":[{"href":"https:\/\/livingmultimediosde.net.ar\/INDEX\/wp-json\/wp\/v2\/posts"}],"about":[{"href":"https:\/\/livingmultimediosde.net.ar\/INDEX\/wp-json\/wp\/v2\/types\/post"}],"author":[{"embeddable":true,"href":"https:\/\/livingmultimediosde.net.ar\/INDEX\/wp-json\/wp\/v2\/users\/1"}],"replies":[{"embeddable":true,"href":"https:\/\/livingmultimediosde.net.ar\/INDEX\/wp-json\/wp\/v2\/comments?post=10513"}],"version-history":[{"count":1,"href":"https:\/\/livingmultimediosde.net.ar\/INDEX\/wp-json\/wp\/v2\/posts\/10513\/revisions"}],"predecessor-version":[{"id":10515,"href":"https:\/\/livingmultimediosde.net.ar\/INDEX\/wp-json\/wp\/v2\/posts\/10513\/revisions\/10515"}],"wp:attachment":[{"href":"https:\/\/livingmultimediosde.net.ar\/INDEX\/wp-json\/wp\/v2\/media?parent=10513"}],"wp:term":[{"taxonomy":"category","embeddable":true,"href":"https:\/\/livingmultimediosde.net.ar\/INDEX\/wp-json\/wp\/v2\/categories?post=10513"},{"taxonomy":"post_tag","embeddable":true,"href":"https:\/\/livingmultimediosde.net.ar\/INDEX\/wp-json\/wp\/v2\/tags?post=10513"}],"curies":[{"name":"wp","href":"https:\/\/api.w.org\/{rel}","templated":true}]}}