{"id":10510,"date":"2024-08-19T14:23:24","date_gmt":"2024-08-19T14:23:24","guid":{"rendered":"https:\/\/livingmultimediosde.net.ar\/INDEX\/?p=10510"},"modified":"2024-08-19T14:23:26","modified_gmt":"2024-08-19T14:23:26","slug":"presidente-y-concejales-participaron-del-acto-aniversario-de-la-muerte-del-general-san-martin","status":"publish","type":"post","link":"https:\/\/livingmultimediosde.net.ar\/INDEX\/2024\/08\/presidente-y-concejales-participaron-del-acto-aniversario-de-la-muerte-del-general-san-martin\/","title":{"rendered":"PRESIDENTE Y CONCEJALES PARTICIPARON DEL ACTO ANIVERSARIO DE LA MUERTE DEL GENERAL SAN MART\u00cdN"},"content":{"rendered":"\n<p class=\"wp-block-paragraph\">\ud83c\udde6\ud83c\uddf7 Junto a la intendente de la ciudad, Ing. Norma Fuentes, el presidente Humberto Eduardo Santill\u00e1n y concejales Walter Medina Salom\u00f3n, Mar\u00eda Isabel P\u00e9rez Nazar, Gabriela Ortiz y Gustavo Salvatierra Rodr\u00edguez<br>secretarios de Gobierno y Econom\u00eda, N\u00e9stor Machado y Anabel Arce, respectivamente y la subsecretaria de Planeamiento, Rosa Allalla, participaron del acto central por el 174\u00b0 aniversario del fallecimiento del General Don Jos\u00e9 de San Mart\u00edn que encabez\u00f3 el vicegobernador de la Provincia, Carlos Silva Neder en la plaza que lleva el nombre del Libertador de Am\u00e9rica.<br>\ud83d\udc65\ufe0f\ufe0f Tambi\u00e9n estuvieron el jefe de gabinete El\u00edas Su\u00e1rez, las ministras de Justicia y Derechos Humanos, Matilde O\u2019Mill; de Educaci\u00f3n Mariela Nassif y de Desarrollo Social, \u00c1ngel Niccolai.<br>\u2705\ufe0f El presidente Santill\u00e1n junto a los concejales homenajearon al General San Mart\u00edn con la colocaci\u00f3n de una ofrenda floral al pie del monumento, al igual que lo hicieron todos los representantes de organismos del Estado, comunidades educativas e instituciones intermedias presentes.<br>\ud83d\udd30 Durante la ceremonia, se entonaron las estrofas del Himno Nacional, el p\u00e1rroco Luis Cruz hizo la bendici\u00f3n religiosa y la Lic. Alba Gallo fue la encargada mediante una rese\u00f1a hist\u00f3rica de recordar la destacada participaci\u00f3n del General San Mart\u00edn en la independencia argentina.<br>\ud83c\udfbc El acto concluy\u00f3 con la marcha a San Lorenzo.<\/p>\n","protected":false},"excerpt":{"rendered":"<p>\ud83c\udde6\ud83c\uddf7 Junto a la intendente de la ciudad, Ing. Norma Fuentes, el presidente Humberto Eduardo Santill\u00e1n y concejales Walter Medina Salom\u00f3n, Mar\u00eda Isabel P\u00e9rez Nazar, Gabriela Ortiz y Gustavo Salvatierra Rodr\u00edguezsecretarios de Gobierno y Econom\u00eda, N\u00e9stor Machado y Anabel Arce, respectivamente y la subsecretaria de Planeamiento, Rosa Allalla, participaron del acto central por el 174\u00b0 aniversario del fallecimiento del General Don Jos\u00e9 de San Mart\u00edn que encabez\u00f3 el vicegobernador de la Provincia, Carlos Silva Neder en la plaza que lleva el nombre del Libertador de Am\u00e9rica.\ud83d\udc65\ufe0f\ufe0f Tambi\u00e9n estuvieron el jefe&hellip;<\/p>\n","protected":false},"author":1,"featured_media":0,"comment_status":"open","ping_status":"closed","sticky":false,"template":"","format":"standard","meta":{"footnotes":""},"categories":[3],"tags":[],"class_list":["post-10510","post","type-post","status-publish","format-standard","hentry","category-hcd-capital"],"rttpg_featured_image_url":null,"rttpg_author":{"display_name":"rober","author_link":"https:\/\/livingmultimediosde.net.ar\/INDEX\/author\/rober\/"},"rttpg_comment":0,"rttpg_category":"<a href=\"https:\/\/livingmultimediosde.net.ar\/INDEX\/category\/hcd-capital\/\" rel=\"category tag\">HCD CAPITAL<\/a>","rttpg_excerpt":"\ud83c\udde6\ud83c\uddf7 Junto a la intendente de la ciudad, Ing. Norma Fuentes, el presidente Humberto Eduardo Santill\u00e1n y concejales Walter Medina Salom\u00f3n, Mar\u00eda Isabel P\u00e9rez Nazar, Gabriela Ortiz y Gustavo Salvatierra Rodr\u00edguezsecretarios de Gobierno y Econom\u00eda, N\u00e9stor Machado y Anabel Arce, respectivamente y la subsecretaria de Planeamiento, Rosa Allalla, participaron del acto central por el 174\u00b0&hellip;","_links":{"self":[{"href":"https:\/\/livingmultimediosde.net.ar\/INDEX\/wp-json\/wp\/v2\/posts\/10510","targetHints":{"allow":["GET"]}}],"collection":[{"href":"https:\/\/livingmultimediosde.net.ar\/INDEX\/wp-json\/wp\/v2\/posts"}],"about":[{"href":"https:\/\/livingmultimediosde.net.ar\/INDEX\/wp-json\/wp\/v2\/types\/post"}],"author":[{"embeddable":true,"href":"https:\/\/livingmultimediosde.net.ar\/INDEX\/wp-json\/wp\/v2\/users\/1"}],"replies":[{"embeddable":true,"href":"https:\/\/livingmultimediosde.net.ar\/INDEX\/wp-json\/wp\/v2\/comments?post=10510"}],"version-history":[{"count":1,"href":"https:\/\/livingmultimediosde.net.ar\/INDEX\/wp-json\/wp\/v2\/posts\/10510\/revisions"}],"predecessor-version":[{"id":10512,"href":"https:\/\/livingmultimediosde.net.ar\/INDEX\/wp-json\/wp\/v2\/posts\/10510\/revisions\/10512"}],"wp:attachment":[{"href":"https:\/\/livingmultimediosde.net.ar\/INDEX\/wp-json\/wp\/v2\/media?parent=10510"}],"wp:term":[{"taxonomy":"category","embeddable":true,"href":"https:\/\/livingmultimediosde.net.ar\/INDEX\/wp-json\/wp\/v2\/categories?post=10510"},{"taxonomy":"post_tag","embeddable":true,"href":"https:\/\/livingmultimediosde.net.ar\/INDEX\/wp-json\/wp\/v2\/tags?post=10510"}],"curies":[{"name":"wp","href":"https:\/\/api.w.org\/{rel}","templated":true}]}}