{"id":10504,"date":"2024-08-19T13:13:31","date_gmt":"2024-08-19T13:13:31","guid":{"rendered":"https:\/\/livingmultimediosde.net.ar\/INDEX\/?p=10504"},"modified":"2024-08-19T13:13:34","modified_gmt":"2024-08-19T13:13:34","slug":"larreta-el-gobierno-nacional-debe-cumplir-el-fallo-de-la-corte-por-la-coparticipacion","status":"publish","type":"post","link":"https:\/\/livingmultimediosde.net.ar\/INDEX\/2024\/08\/larreta-el-gobierno-nacional-debe-cumplir-el-fallo-de-la-corte-por-la-coparticipacion\/","title":{"rendered":"Larreta: \u201cEl Gobierno Nacional debe cumplir el fallo de la Corte por la coparticipaci\u00f3n\u201d"},"content":{"rendered":"\n<p class=\"wp-block-paragraph\">El ex jefe de Gobierno de la Ciudad de Buenos Aires, Horacio Rodriguez Larreta advirti\u00f3 que \u201cel Gobierno Nacional debe cumplir el fallo de la Corte por la coparticipaci\u00f3n\u201d.<\/p>\n\n\n\n<p class=\"wp-block-paragraph\">En una publicaci\u00f3n realizada en sus redes sociales, sostuvo que apoya a su sucesor Jorge Macri \u201ccon convicci\u00f3n\u201d y subray\u00f3 que \u201cel respeto por la Justicia y la Constituci\u00f3n es parte del cambio que necesitamos\u201d.<\/p>\n\n\n\n<p class=\"wp-block-paragraph\">\u201cIniciamos la demanda durante mi gesti\u00f3n y la ganamos. Con la misma convicci\u00f3n apoyo a Jorge Macri y al equipo en su defensa de la seguridad, la salud y la educaci\u00f3n de millones de argentinos\u201d, remarc\u00f3.<\/p>\n\n\n\n<p class=\"wp-block-paragraph\">X de Horacio Rodr\u00edguez Larreta<br>En la misma l\u00ednea, volvi\u00f3 a apuntar contra la gesti\u00f3n del presidente Javier Milei y su programa econ\u00f3mico y asever\u00f3 que \u201cya probamos el camino del ahogo financiero\u201d y \u201cno funciona\u201d.<\/p>\n\n\n\n<p class=\"wp-block-paragraph\">Para finalizar, se\u00f1al\u00f3 que para poder construir \u201cel futuro de nuestro pa\u00eds\u201d se debe contribuir con \u201cel desarrollo y la autonom\u00eda de cada una de sus provincias\u201d.<\/p>\n","protected":false},"excerpt":{"rendered":"<p>El ex jefe de Gobierno de la Ciudad de Buenos Aires, Horacio Rodriguez Larreta advirti\u00f3 que \u201cel Gobierno Nacional debe cumplir el fallo de la Corte por la coparticipaci\u00f3n\u201d. En una publicaci\u00f3n realizada en sus redes sociales, sostuvo que apoya a su sucesor Jorge Macri \u201ccon convicci\u00f3n\u201d y subray\u00f3 que \u201cel respeto por la Justicia y la Constituci\u00f3n es parte del cambio que necesitamos\u201d. \u201cIniciamos la demanda durante mi gesti\u00f3n y la ganamos. Con la misma convicci\u00f3n apoyo a Jorge Macri y al equipo en su defensa de la seguridad,&hellip;<\/p>\n","protected":false},"author":1,"featured_media":0,"comment_status":"open","ping_status":"closed","sticky":false,"template":"","format":"standard","meta":{"footnotes":""},"categories":[4],"tags":[],"class_list":["post-10504","post","type-post","status-publish","format-standard","hentry","category-interes-general"],"rttpg_featured_image_url":null,"rttpg_author":{"display_name":"rober","author_link":"https:\/\/livingmultimediosde.net.ar\/INDEX\/author\/rober\/"},"rttpg_comment":0,"rttpg_category":"<a href=\"https:\/\/livingmultimediosde.net.ar\/INDEX\/category\/interes-general\/\" rel=\"category tag\">INTERES GENERAL<\/a>","rttpg_excerpt":"El ex jefe de Gobierno de la Ciudad de Buenos Aires, Horacio Rodriguez Larreta advirti\u00f3 que \u201cel Gobierno Nacional debe cumplir el fallo de la Corte por la coparticipaci\u00f3n\u201d. En una publicaci\u00f3n realizada en sus redes sociales, sostuvo que apoya a su sucesor Jorge Macri \u201ccon convicci\u00f3n\u201d y subray\u00f3 que \u201cel respeto por la Justicia&hellip;","_links":{"self":[{"href":"https:\/\/livingmultimediosde.net.ar\/INDEX\/wp-json\/wp\/v2\/posts\/10504","targetHints":{"allow":["GET"]}}],"collection":[{"href":"https:\/\/livingmultimediosde.net.ar\/INDEX\/wp-json\/wp\/v2\/posts"}],"about":[{"href":"https:\/\/livingmultimediosde.net.ar\/INDEX\/wp-json\/wp\/v2\/types\/post"}],"author":[{"embeddable":true,"href":"https:\/\/livingmultimediosde.net.ar\/INDEX\/wp-json\/wp\/v2\/users\/1"}],"replies":[{"embeddable":true,"href":"https:\/\/livingmultimediosde.net.ar\/INDEX\/wp-json\/wp\/v2\/comments?post=10504"}],"version-history":[{"count":1,"href":"https:\/\/livingmultimediosde.net.ar\/INDEX\/wp-json\/wp\/v2\/posts\/10504\/revisions"}],"predecessor-version":[{"id":10506,"href":"https:\/\/livingmultimediosde.net.ar\/INDEX\/wp-json\/wp\/v2\/posts\/10504\/revisions\/10506"}],"wp:attachment":[{"href":"https:\/\/livingmultimediosde.net.ar\/INDEX\/wp-json\/wp\/v2\/media?parent=10504"}],"wp:term":[{"taxonomy":"category","embeddable":true,"href":"https:\/\/livingmultimediosde.net.ar\/INDEX\/wp-json\/wp\/v2\/categories?post=10504"},{"taxonomy":"post_tag","embeddable":true,"href":"https:\/\/livingmultimediosde.net.ar\/INDEX\/wp-json\/wp\/v2\/tags?post=10504"}],"curies":[{"name":"wp","href":"https:\/\/api.w.org\/{rel}","templated":true}]}}