{"id":10495,"date":"2024-08-17T21:52:18","date_gmt":"2024-08-17T21:52:18","guid":{"rendered":"https:\/\/livingmultimediosde.net.ar\/INDEX\/?p=10495"},"modified":"2024-08-17T21:52:21","modified_gmt":"2024-08-17T21:52:21","slug":"telecom-invita-a-ninas-y-adolescentes-a-capacitarse-en-tecnologia","status":"publish","type":"post","link":"https:\/\/livingmultimediosde.net.ar\/INDEX\/2024\/08\/telecom-invita-a-ninas-y-adolescentes-a-capacitarse-en-tecnologia\/","title":{"rendered":"Telecom invita a ni\u00f1as y adolescentes a capacitarse en tecnolog\u00eda"},"content":{"rendered":"\n<p class=\"wp-block-paragraph\">Para contribuir a reducir la brecha de g\u00e9nero en el sector TIC y seguir impulsando la formaci\u00f3n de talento digital en el pa\u00eds, Telecom lanza una nueva edici\u00f3n de Chicas digitalers.<br>El objetivo del programa es inspirar a chicas de entre 13 y 17 a\u00f1os a iniciarse en el mundo de la programaci\u00f3n y el dise\u00f1o digital para poder vislumbrar un futuro asociado a la tecnolog\u00eda.<br>La inscripci\u00f3n est\u00e1 abierta hasta el 23 de agosto. Para anotarse hay quecompletar el formulario disponible en digitalers.com.ar\/chicas-digitalers.html.<br>Buenos Aires, 16 de agosto de 2024.- Telecom lanza una nueva edici\u00f3n de Chicas digitalers, con cursos gratuitos de programaci\u00f3n y tecnolog\u00eda dirigidos a ni\u00f1as y adolescentes de entre 13 y 17 a\u00f1os con curiosidad por el mundo digital.<\/p>\n\n\n\n<p class=\"wp-block-paragraph\">Con Chicas digitalers, que ya cuenta con cinco a\u00f1os de trayectoria y m\u00e1s de 1300 egresadas, Telecom busca transmitir a las j\u00f3venes el entusiasmo por la tecnolog\u00eda desde temprana edad, bajo las premisas del alto poder transformador y generador de oportunidades de las TIC.<\/p>\n\n\n\n<p class=\"wp-block-paragraph\">Durante los cursos gratuitos, las participantes tendr\u00e1n la oportunidad de desarrollar habilidades en programaci\u00f3n, dise\u00f1o y emprendimientos digitales, entre otras \u00e1reas clave para la econom\u00eda digital. Todas las j\u00f3venes interesadas pueden inscribirse y no se requieren conocimientos previos.<\/p>\n\n\n\n<p class=\"wp-block-paragraph\">Los talleres comienzan la semana del 26 de agosto, con una agenda curricular de 12 clases que se dictan una vez por semana y duran 2 horas. La modalidad es 100% online en vivo, con el acompa\u00f1amiento de mentoras y mentores expertos. Se requiere disponer de una PC con acceso a internet y la autorizaci\u00f3n de un adulto responsable.<\/p>\n\n\n\n<p class=\"wp-block-paragraph\">En los espacios de formaci\u00f3n universitaria todav\u00eda existe una gran disparidad de g\u00e9nero en carreras de grado orientadas a ciencias, tecnolog\u00eda, ingenier\u00eda y matem\u00e1ticas (STEM). Por ello, Telecom busca contribuir a reducir la brecha de g\u00e9nero en el universo IT acerc\u00e1ndoles herramientas y propuestas de aprendizaje a j\u00f3venes desde temprana edad. Esta propuesta invita a las chicas a desarrollar su creatividad en el mundo IT y de la programaci\u00f3n digital, e inspirarlas a pensar su futuro profesional en carreras orientadas a la tecnolog\u00eda.<\/p>\n\n\n\n<p class=\"wp-block-paragraph\">Los talleres disponibles son:<\/p>\n\n\n\n<p class=\"wp-block-paragraph\">Lunes 17h a 19h | Inicial: Videojuegos y Apps<\/p>\n\n\n\n<p class=\"wp-block-paragraph\">Lunes 18.30 h a 20.30h | Inicial: Dise\u00f1\u00e1 tu primera p\u00e1gina web<\/p>\n\n\n\n<p class=\"wp-block-paragraph\">Martes 18.30 h a 20.30h | Inicial: Introducci\u00f3n a la programaci\u00f3n<br>Viernes 17 a 19h| Inicial: Dise\u00f1\u00e1 tu primera p\u00e1gina web<br>Viernes 18 a 20 | Avanzado: Program\u00e1 tu p\u00e1gina web<\/p>\n\n\n\n<p class=\"wp-block-paragraph\">Para obtener m\u00e1s informaci\u00f3n e inscribirse al programa, ingresar a: digitalers.com.ar\/chicas-digitalers.html. Los cupos son limitados.<\/p>\n","protected":false},"excerpt":{"rendered":"<p>Para contribuir a reducir la brecha de g\u00e9nero en el sector TIC y seguir impulsando la formaci\u00f3n de talento digital en el pa\u00eds, Telecom lanza una nueva edici\u00f3n de Chicas digitalers.El objetivo del programa es inspirar a chicas de entre 13 y 17 a\u00f1os a iniciarse en el mundo de la programaci\u00f3n y el dise\u00f1o digital para poder vislumbrar un futuro asociado a la tecnolog\u00eda.La inscripci\u00f3n est\u00e1 abierta hasta el 23 de agosto. Para anotarse hay quecompletar el formulario disponible en digitalers.com.ar\/chicas-digitalers.html.Buenos Aires, 16 de agosto de 2024.- Telecom lanza&hellip;<\/p>\n","protected":false},"author":1,"featured_media":0,"comment_status":"open","ping_status":"closed","sticky":false,"template":"","format":"standard","meta":{"footnotes":""},"categories":[4],"tags":[],"class_list":["post-10495","post","type-post","status-publish","format-standard","hentry","category-interes-general"],"rttpg_featured_image_url":null,"rttpg_author":{"display_name":"rober","author_link":"https:\/\/livingmultimediosde.net.ar\/INDEX\/author\/rober\/"},"rttpg_comment":0,"rttpg_category":"<a href=\"https:\/\/livingmultimediosde.net.ar\/INDEX\/category\/interes-general\/\" rel=\"category tag\">INTERES GENERAL<\/a>","rttpg_excerpt":"Para contribuir a reducir la brecha de g\u00e9nero en el sector TIC y seguir impulsando la formaci\u00f3n de talento digital en el pa\u00eds, Telecom lanza una nueva edici\u00f3n de Chicas digitalers.El objetivo del programa es inspirar a chicas de entre 13 y 17 a\u00f1os a iniciarse en el mundo de la programaci\u00f3n y el dise\u00f1o&hellip;","_links":{"self":[{"href":"https:\/\/livingmultimediosde.net.ar\/INDEX\/wp-json\/wp\/v2\/posts\/10495","targetHints":{"allow":["GET"]}}],"collection":[{"href":"https:\/\/livingmultimediosde.net.ar\/INDEX\/wp-json\/wp\/v2\/posts"}],"about":[{"href":"https:\/\/livingmultimediosde.net.ar\/INDEX\/wp-json\/wp\/v2\/types\/post"}],"author":[{"embeddable":true,"href":"https:\/\/livingmultimediosde.net.ar\/INDEX\/wp-json\/wp\/v2\/users\/1"}],"replies":[{"embeddable":true,"href":"https:\/\/livingmultimediosde.net.ar\/INDEX\/wp-json\/wp\/v2\/comments?post=10495"}],"version-history":[{"count":1,"href":"https:\/\/livingmultimediosde.net.ar\/INDEX\/wp-json\/wp\/v2\/posts\/10495\/revisions"}],"predecessor-version":[{"id":10497,"href":"https:\/\/livingmultimediosde.net.ar\/INDEX\/wp-json\/wp\/v2\/posts\/10495\/revisions\/10497"}],"wp:attachment":[{"href":"https:\/\/livingmultimediosde.net.ar\/INDEX\/wp-json\/wp\/v2\/media?parent=10495"}],"wp:term":[{"taxonomy":"category","embeddable":true,"href":"https:\/\/livingmultimediosde.net.ar\/INDEX\/wp-json\/wp\/v2\/categories?post=10495"},{"taxonomy":"post_tag","embeddable":true,"href":"https:\/\/livingmultimediosde.net.ar\/INDEX\/wp-json\/wp\/v2\/tags?post=10495"}],"curies":[{"name":"wp","href":"https:\/\/api.w.org\/{rel}","templated":true}]}}