{"id":10492,"date":"2024-08-17T19:53:46","date_gmt":"2024-08-17T19:53:46","guid":{"rendered":"https:\/\/livingmultimediosde.net.ar\/INDEX\/?p=10492"},"modified":"2024-08-17T19:53:48","modified_gmt":"2024-08-17T19:53:48","slug":"audio-suarez-es-fundamental-valorar-toda-la-ensenanza-de-un-procer-como-san-martin","status":"publish","type":"post","link":"https:\/\/livingmultimediosde.net.ar\/INDEX\/2024\/08\/audio-suarez-es-fundamental-valorar-toda-la-ensenanza-de-un-procer-como-san-martin\/","title":{"rendered":"AUDIO\/Su\u00e1rez: \u201cEs fundamental valorar toda la ense\u00f1anza de un pr\u00f3cer como San Mart\u00edn\u201d"},"content":{"rendered":"\n<p class=\"wp-block-paragraph\">\u201cSu accionar nos interpela a todos los argentinos y en especial a los santiague\u00f1os a seguir por ese rumbo. Por el rumbo de mirar la patria grande, como lo hizo San Mart\u00edn\u201d dijo. En el marco de un nuevo aniversario de su paso a la inmortalidad, del General Dn Jos\u00e9 de San Martin, hoy a las 14,30, en Plaza San Mart\u00edn de la Capital, se realiz\u00f3 el acto oficial conmemorativo presidido por el vicegobernador de la provincia, Dr. Carlos Silva Neder, acompa\u00f1ado por el Jefe de Gabinete, El\u00edas Su\u00e1rez, la Intendente de la Capital, Ing. Norma Fuentes, funcionarios provinciales, diputados provinciales, funcionarios municipales y p\u00fablico en general.<\/p>\n\n\n\n<p class=\"wp-block-paragraph\">En declaraciones a Red de Medios, el Jefe de Gabinete, El\u00edas Su\u00e1rez, indic\u00f3 que \u201ces fundamental valorar toda la ense\u00f1anza de un pr\u00f3cer como San Mart\u00edn. Nos interpela a su historia. Su accionar nos interpela a todos los argentinos y en especial a los santiague\u00f1os a seguir por ese rumbo. Por el rumbo de mirar la patria grande, como lo hizo San Mart\u00edn. Lo hizo por mirar, priorizar lo importante que es la independencia, que es la libertad. Lo que es ser fiel a sus propias convicciones y eso nos mostr\u00f3 a lo largo de toda su historia\u201d.<\/p>\n\n\n\n<p class=\"wp-block-paragraph\">Agreg\u00f3 Su\u00e1rez que \u201choy, imaginarse que San Mart\u00edn fue un pilar fundamental en la liberaci\u00f3n de lo que es nuestra patria, de lo que es Chile, de lo que es Per\u00fa y de nunca prestarse a juegos que no correspondan, a internismos que no correspondan\u201d.<\/p>\n\n\n\n<p class=\"wp-block-paragraph\">Reflexion\u00f3 que \u201ccreo que nos dan una ense\u00f1anza fundamental para estos tiempos que son muy dif\u00edciles y requiere que repensemos con mucha claridad con mucha honestidad esas circunstancias. El pueblo santiague\u00f1o acompa\u00f1\u00f3 todas esas campa\u00f1as esas luchas, esos conceptos y esas iniciativas\u201d.<\/p>\n\n\n\n<p class=\"wp-block-paragraph\">Concluy\u00f3 valorando el paso del General San Martin por estas tierras \u201chacia el Ej\u00e9rcito del Norte. El pueblo santiague\u00f1o colabor\u00f3, fue protagonista como siempre de parte de nuestra historia y esperamos que podamos seguir por el mismo camino\u201d.<\/p>\n\n\n\n<p class=\"wp-block-paragraph\">El pr\u00f3cer m\u00e1ximo argentino y libertador de la Argentina, Chile y Per\u00fa falleci\u00f3 el 17 de agosto de 1850, en su casa de Boulogne-sur Mer (Francia), rodeado de sus seres queridos. Sus restos fueron repatriados en 1880 y actualmente descansan en un mausoleo construido dentro la Capilla Nuestra Se\u00f1ora de la Paz. Por su propio deseo fue sepultado en la Catedral de la Ciudad de Buenos Aires.<\/p>\n\n\n\n<p class=\"wp-block-paragraph\">En nuestro pa\u00eds se le reconoce como el Padre de la Patria. En Per\u00fa, se lo recuerda como su Libertador, con los t\u00edtulos de Fundador de la Libertad del Per\u00fa, Fundador de la Rep\u00fablica y General\u00edsimo de las Armas. En Chile su ej\u00e9rcito lo ha destacado con el grado de Capit\u00e1n General.<\/p>\n\n\n\n<p class=\"wp-block-paragraph\"><\/p>\n\n\n\n<figure class=\"wp-block-audio\"><audio controls src=\"https:\/\/cuartopoderweb.com.ar\/wp-content\/uploads\/2024\/08\/elias-suarez.mp3\"><\/audio><\/figure>\n","protected":false},"excerpt":{"rendered":"<p>\u201cSu accionar nos interpela a todos los argentinos y en especial a los santiague\u00f1os a seguir por ese rumbo. Por el rumbo de mirar la patria grande, como lo hizo San Mart\u00edn\u201d dijo. En el marco de un nuevo aniversario de su paso a la inmortalidad, del General Dn Jos\u00e9 de San Martin, hoy a las 14,30, en Plaza San Mart\u00edn de la Capital, se realiz\u00f3 el acto oficial conmemorativo presidido por el vicegobernador de la provincia, Dr. Carlos Silva Neder, acompa\u00f1ado por el Jefe de Gabinete, El\u00edas Su\u00e1rez, la&hellip;<\/p>\n","protected":false},"author":1,"featured_media":0,"comment_status":"open","ping_status":"closed","sticky":false,"template":"","format":"standard","meta":{"footnotes":""},"categories":[1],"tags":[],"class_list":["post-10492","post","type-post","status-publish","format-standard","hentry","category-uncategorized"],"rttpg_featured_image_url":null,"rttpg_author":{"display_name":"rober","author_link":"https:\/\/livingmultimediosde.net.ar\/INDEX\/author\/rober\/"},"rttpg_comment":0,"rttpg_category":"<a href=\"https:\/\/livingmultimediosde.net.ar\/INDEX\/category\/uncategorized\/\" rel=\"category tag\">Uncategorized<\/a>","rttpg_excerpt":"\u201cSu accionar nos interpela a todos los argentinos y en especial a los santiague\u00f1os a seguir por ese rumbo. Por el rumbo de mirar la patria grande, como lo hizo San Mart\u00edn\u201d dijo. En el marco de un nuevo aniversario de su paso a la inmortalidad, del General Dn Jos\u00e9 de San Martin, hoy a&hellip;","_links":{"self":[{"href":"https:\/\/livingmultimediosde.net.ar\/INDEX\/wp-json\/wp\/v2\/posts\/10492","targetHints":{"allow":["GET"]}}],"collection":[{"href":"https:\/\/livingmultimediosde.net.ar\/INDEX\/wp-json\/wp\/v2\/posts"}],"about":[{"href":"https:\/\/livingmultimediosde.net.ar\/INDEX\/wp-json\/wp\/v2\/types\/post"}],"author":[{"embeddable":true,"href":"https:\/\/livingmultimediosde.net.ar\/INDEX\/wp-json\/wp\/v2\/users\/1"}],"replies":[{"embeddable":true,"href":"https:\/\/livingmultimediosde.net.ar\/INDEX\/wp-json\/wp\/v2\/comments?post=10492"}],"version-history":[{"count":1,"href":"https:\/\/livingmultimediosde.net.ar\/INDEX\/wp-json\/wp\/v2\/posts\/10492\/revisions"}],"predecessor-version":[{"id":10494,"href":"https:\/\/livingmultimediosde.net.ar\/INDEX\/wp-json\/wp\/v2\/posts\/10492\/revisions\/10494"}],"wp:attachment":[{"href":"https:\/\/livingmultimediosde.net.ar\/INDEX\/wp-json\/wp\/v2\/media?parent=10492"}],"wp:term":[{"taxonomy":"category","embeddable":true,"href":"https:\/\/livingmultimediosde.net.ar\/INDEX\/wp-json\/wp\/v2\/categories?post=10492"},{"taxonomy":"post_tag","embeddable":true,"href":"https:\/\/livingmultimediosde.net.ar\/INDEX\/wp-json\/wp\/v2\/tags?post=10492"}],"curies":[{"name":"wp","href":"https:\/\/api.w.org\/{rel}","templated":true}]}}