{"id":10465,"date":"2024-08-14T15:16:08","date_gmt":"2024-08-14T15:16:08","guid":{"rendered":"https:\/\/livingmultimediosde.net.ar\/INDEX\/?p=10465"},"modified":"2024-08-14T15:16:11","modified_gmt":"2024-08-14T15:16:11","slug":"el-oficialismo-acordo-con-la-ucr-incorporar-el-debate-sobre-presupuesto-para-las-universidades-para-tener-quorum","status":"publish","type":"post","link":"https:\/\/livingmultimediosde.net.ar\/INDEX\/2024\/08\/el-oficialismo-acordo-con-la-ucr-incorporar-el-debate-sobre-presupuesto-para-las-universidades-para-tener-quorum\/","title":{"rendered":"El oficialismo acord\u00f3 con la UCR incorporar el debate sobre presupuesto para las Universidades para tener qu\u00f3rum"},"content":{"rendered":"\n<p class=\"wp-block-paragraph\">La bancada de la Libertad Avanza acord\u00f3 con la Uni\u00f3n C\u00edvica Radical incorporar al temario de la sesi\u00f3n de hoy el proyecto sobre presupuesto para las Universidades Nacionales, con el fin de garantizar el qu\u00f3rum para la sesi\u00f3n convocada donde se debatir\u00e1n iniciativas sobre seguridad y educaci\u00f3n.<\/p>\n\n\n\n<p class=\"wp-block-paragraph\">La decisi\u00f3n de incorporar al temario los recursos para las Universidades Nacionales destrab\u00f3 la negativa de la UCR de no dar qu\u00f3rum a la sesi\u00f3n impulsada por la LLA y el PRO, donde buscar\u00e1n debatir iniciativas propiciadas por el Gobierno Nacional.<\/p>\n\n\n\n<p class=\"wp-block-paragraph\">De esta manera, quedar\u00e1 suspendido el pedido de sesi\u00f3n formulada por la UCR para esta tarde, con el fin de tratar el orden del d\u00eda sobre los recursos que reclaman las altas casas de estudio p\u00fablicas y que era una iniciativa que rechaza el oficialismo.<\/p>\n","protected":false},"excerpt":{"rendered":"<p>La bancada de la Libertad Avanza acord\u00f3 con la Uni\u00f3n C\u00edvica Radical incorporar al temario de la sesi\u00f3n de hoy el proyecto sobre presupuesto para las Universidades Nacionales, con el fin de garantizar el qu\u00f3rum para la sesi\u00f3n convocada donde se debatir\u00e1n iniciativas sobre seguridad y educaci\u00f3n. La decisi\u00f3n de incorporar al temario los recursos para las Universidades Nacionales destrab\u00f3 la negativa de la UCR de no dar qu\u00f3rum a la sesi\u00f3n impulsada por la LLA y el PRO, donde buscar\u00e1n debatir iniciativas propiciadas por el Gobierno Nacional. De esta&hellip;<\/p>\n","protected":false},"author":1,"featured_media":0,"comment_status":"open","ping_status":"closed","sticky":false,"template":"","format":"standard","meta":{"footnotes":""},"categories":[4],"tags":[],"class_list":["post-10465","post","type-post","status-publish","format-standard","hentry","category-interes-general"],"rttpg_featured_image_url":null,"rttpg_author":{"display_name":"rober","author_link":"https:\/\/livingmultimediosde.net.ar\/INDEX\/author\/rober\/"},"rttpg_comment":0,"rttpg_category":"<a href=\"https:\/\/livingmultimediosde.net.ar\/INDEX\/category\/interes-general\/\" rel=\"category tag\">INTERES GENERAL<\/a>","rttpg_excerpt":"La bancada de la Libertad Avanza acord\u00f3 con la Uni\u00f3n C\u00edvica Radical incorporar al temario de la sesi\u00f3n de hoy el proyecto sobre presupuesto para las Universidades Nacionales, con el fin de garantizar el qu\u00f3rum para la sesi\u00f3n convocada donde se debatir\u00e1n iniciativas sobre seguridad y educaci\u00f3n. La decisi\u00f3n de incorporar al temario los recursos&hellip;","_links":{"self":[{"href":"https:\/\/livingmultimediosde.net.ar\/INDEX\/wp-json\/wp\/v2\/posts\/10465","targetHints":{"allow":["GET"]}}],"collection":[{"href":"https:\/\/livingmultimediosde.net.ar\/INDEX\/wp-json\/wp\/v2\/posts"}],"about":[{"href":"https:\/\/livingmultimediosde.net.ar\/INDEX\/wp-json\/wp\/v2\/types\/post"}],"author":[{"embeddable":true,"href":"https:\/\/livingmultimediosde.net.ar\/INDEX\/wp-json\/wp\/v2\/users\/1"}],"replies":[{"embeddable":true,"href":"https:\/\/livingmultimediosde.net.ar\/INDEX\/wp-json\/wp\/v2\/comments?post=10465"}],"version-history":[{"count":1,"href":"https:\/\/livingmultimediosde.net.ar\/INDEX\/wp-json\/wp\/v2\/posts\/10465\/revisions"}],"predecessor-version":[{"id":10467,"href":"https:\/\/livingmultimediosde.net.ar\/INDEX\/wp-json\/wp\/v2\/posts\/10465\/revisions\/10467"}],"wp:attachment":[{"href":"https:\/\/livingmultimediosde.net.ar\/INDEX\/wp-json\/wp\/v2\/media?parent=10465"}],"wp:term":[{"taxonomy":"category","embeddable":true,"href":"https:\/\/livingmultimediosde.net.ar\/INDEX\/wp-json\/wp\/v2\/categories?post=10465"},{"taxonomy":"post_tag","embeddable":true,"href":"https:\/\/livingmultimediosde.net.ar\/INDEX\/wp-json\/wp\/v2\/tags?post=10465"}],"curies":[{"name":"wp","href":"https:\/\/api.w.org\/{rel}","templated":true}]}}