{"id":10456,"date":"2024-08-14T15:05:33","date_gmt":"2024-08-14T15:05:33","guid":{"rendered":"https:\/\/livingmultimediosde.net.ar\/INDEX\/?p=10456"},"modified":"2024-08-14T15:05:35","modified_gmt":"2024-08-14T15:05:35","slug":"cristina-kirchner-no-me-di-cuenta-que-me-habian-gatillado","status":"publish","type":"post","link":"https:\/\/livingmultimediosde.net.ar\/INDEX\/2024\/08\/cristina-kirchner-no-me-di-cuenta-que-me-habian-gatillado\/","title":{"rendered":"Cristina Kirchner: \u00abNo me di cuenta que me hab\u00edan gatillado\u00bb"},"content":{"rendered":"\n<p class=\"wp-block-paragraph\">La ex presidenta Cristina Fern\u00e1ndez de Kirchner afirm\u00f3 que \u00abno se dio cuenta\u00bb que le hab\u00edan gatillado y que fue informada del intento de asesinato cuando el hecho ya se hab\u00eda consumado y Fernando Sabag Montiel, el principal imputado, ya hab\u00eda sido detenido por las personas de seguridad que la custodiaban.<\/p>\n\n\n\n<p class=\"wp-block-paragraph\">Asimismo, sostuvo que \u00abhoy ser\u00eda imposible de hacer un golpe de estado a la vieja usanza\u00bb pero que \u00abhay otros modos\u00bb para desplazar a las personas \u00abque est\u00e1n en contra\u00bb de ciertas pol\u00edticas.<\/p>\n\n\n\n<p class=\"wp-block-paragraph\">Por otro lado, se\u00f1al\u00f3 que \u00absi no hay una articulaci\u00f3n con los medios hegem\u00f3nicos y el poder judicial, que es el poder econ\u00f3mico concentrado\u00bb, estas situaciones no podr\u00edan suceder.<\/p>\n\n\n\n<p class=\"wp-block-paragraph\">\u00abLos que nos oponemos a esa entrega (del pa\u00eds) nos quieren eliminar con un tiro o con una sentencia, como titul\u00f3 Clar\u00edn: \u2018el tiro no sali\u00f3 pero la sentencia s\u00ed\u2019. Hay una sociedad muy compleja a la que le han alterado la psiquis\u00bb, indic\u00f3.<\/p>\n\n\n\n<p class=\"wp-block-paragraph\">Adem\u00e1s, resalt\u00f3 que \u00abcuando uno ve a las personas que han sido elegidas para representar a los argentinos decir lo que dicen en los medios es preocupante\u00bb y se\u00f1al\u00f3 que \u00abquienes gobiernan se parecen a quienes son gobernados\u00bb porque \u00absi no, estar\u00edamos en frente a una anomal\u00eda\u00bb.<\/p>\n\n\n\n<p class=\"wp-block-paragraph\">Para finalizar se\u00f1al\u00f3 que, si bien estaban ante los autores materiales de su intento de magnicidio, \u00abfaltan los autores intelectuales y los financiadores\u00bb. Asimismo, sostuvo que estos no tienen deudas con ella, por haber sido la v\u00edctima, \u00absino con la democracia y la pol\u00edtica sigue siendo una herramienta para cambiar la sociedad y no para estigmatizar ni para matar a nadie\u00bb.<\/p>\n","protected":false},"excerpt":{"rendered":"<p>La ex presidenta Cristina Fern\u00e1ndez de Kirchner afirm\u00f3 que \u00abno se dio cuenta\u00bb que le hab\u00edan gatillado y que fue informada del intento de asesinato cuando el hecho ya se hab\u00eda consumado y Fernando Sabag Montiel, el principal imputado, ya hab\u00eda sido detenido por las personas de seguridad que la custodiaban. Asimismo, sostuvo que \u00abhoy ser\u00eda imposible de hacer un golpe de estado a la vieja usanza\u00bb pero que \u00abhay otros modos\u00bb para desplazar a las personas \u00abque est\u00e1n en contra\u00bb de ciertas pol\u00edticas. Por otro lado, se\u00f1al\u00f3 que \u00absi&hellip;<\/p>\n","protected":false},"author":1,"featured_media":0,"comment_status":"open","ping_status":"closed","sticky":false,"template":"","format":"standard","meta":{"footnotes":""},"categories":[4],"tags":[],"class_list":["post-10456","post","type-post","status-publish","format-standard","hentry","category-interes-general"],"rttpg_featured_image_url":null,"rttpg_author":{"display_name":"rober","author_link":"https:\/\/livingmultimediosde.net.ar\/INDEX\/author\/rober\/"},"rttpg_comment":0,"rttpg_category":"<a href=\"https:\/\/livingmultimediosde.net.ar\/INDEX\/category\/interes-general\/\" rel=\"category tag\">INTERES GENERAL<\/a>","rttpg_excerpt":"La ex presidenta Cristina Fern\u00e1ndez de Kirchner afirm\u00f3 que \u00abno se dio cuenta\u00bb que le hab\u00edan gatillado y que fue informada del intento de asesinato cuando el hecho ya se hab\u00eda consumado y Fernando Sabag Montiel, el principal imputado, ya hab\u00eda sido detenido por las personas de seguridad que la custodiaban. Asimismo, sostuvo que \u00abhoy&hellip;","_links":{"self":[{"href":"https:\/\/livingmultimediosde.net.ar\/INDEX\/wp-json\/wp\/v2\/posts\/10456","targetHints":{"allow":["GET"]}}],"collection":[{"href":"https:\/\/livingmultimediosde.net.ar\/INDEX\/wp-json\/wp\/v2\/posts"}],"about":[{"href":"https:\/\/livingmultimediosde.net.ar\/INDEX\/wp-json\/wp\/v2\/types\/post"}],"author":[{"embeddable":true,"href":"https:\/\/livingmultimediosde.net.ar\/INDEX\/wp-json\/wp\/v2\/users\/1"}],"replies":[{"embeddable":true,"href":"https:\/\/livingmultimediosde.net.ar\/INDEX\/wp-json\/wp\/v2\/comments?post=10456"}],"version-history":[{"count":1,"href":"https:\/\/livingmultimediosde.net.ar\/INDEX\/wp-json\/wp\/v2\/posts\/10456\/revisions"}],"predecessor-version":[{"id":10458,"href":"https:\/\/livingmultimediosde.net.ar\/INDEX\/wp-json\/wp\/v2\/posts\/10456\/revisions\/10458"}],"wp:attachment":[{"href":"https:\/\/livingmultimediosde.net.ar\/INDEX\/wp-json\/wp\/v2\/media?parent=10456"}],"wp:term":[{"taxonomy":"category","embeddable":true,"href":"https:\/\/livingmultimediosde.net.ar\/INDEX\/wp-json\/wp\/v2\/categories?post=10456"},{"taxonomy":"post_tag","embeddable":true,"href":"https:\/\/livingmultimediosde.net.ar\/INDEX\/wp-json\/wp\/v2\/tags?post=10456"}],"curies":[{"name":"wp","href":"https:\/\/api.w.org\/{rel}","templated":true}]}}