{"id":10447,"date":"2024-08-14T15:00:43","date_gmt":"2024-08-14T15:00:43","guid":{"rendered":"https:\/\/livingmultimediosde.net.ar\/INDEX\/?p=10447"},"modified":"2024-08-14T15:00:45","modified_gmt":"2024-08-14T15:00:45","slug":"hcd-importantes-iniciativas-sanciono-el-deliberativo-municipal","status":"publish","type":"post","link":"https:\/\/livingmultimediosde.net.ar\/INDEX\/2024\/08\/hcd-importantes-iniciativas-sanciono-el-deliberativo-municipal\/","title":{"rendered":"HCD: Importantes iniciativas sancion\u00f3 el deliberativo municipal"},"content":{"rendered":"\n<p class=\"wp-block-paragraph\">13.08.24 En un clima de tranquilidad, se celebr\u00f3 la 22da sesi\u00f3n ordinaria del Concejo Deliberante de la capital, presidida por su titular, Humberto Santill\u00e1n, y la presencia de 11 ediles. En la ocasi\u00f3n, se sancionaron iniciativas del DEM. Por una de ellas, se nomina con el nombre \u201cPlaza Ing. El\u00edas Maud\u201d a un espacio verde del Barrio Mariano Moreno; Se nomina \u201cDr. Ricardo Rojas\u201d, a la actual calle Ameghino entre La Plata y Posta de Yatasto y se nominaron las calles del Barrio Islas Malvinas en su sector Noroeste.<\/p>\n\n\n\n<p class=\"wp-block-paragraph\">En la ocasi\u00f3n se trataron sobre tablas sendas iniciativas de la bancada del Frente C\u00edvico.<\/p>\n\n\n\n<p class=\"wp-block-paragraph\">Se reserv\u00f3, se trat\u00f3 sobre tablas y se sancion\u00f3 por unanimidad la Ordenanza por la que \u201cse declara de Inter\u00e9s Municipal, Cultural y Social \u201c1\u00aa Edici\u00f3n del Ciclo de Encuentros Culturales\u201d organizado por la Escuela de Formaci\u00f3n y Capacitaci\u00f3n Pol\u00edtica, bajo el lema \u201cPRESENTACION: COPLAS Y VIDALAS DE NUESTRA TIERRA\u201d, a llevarse a cabo el 13 de agosto del cte. a\u00f1o en el SUM, ubicado en Av. Belgrano(N) N\u00ba 156. Se har\u00e1 entrega de copia fiel de Ordenanza al Sr. Director de la EFyCAP, N\u00e9stor Miguel Trejo, a la Sra. Secretaria de UPCN, Seccional Santiago del Estero Sra. Gabriela Ledesma y a los colaboradores Prof. Ver\u00f3nica Mart\u00ednez Rojas, Prof., Larisa Siman y Prof. Hugo Ram\u00edrez.<\/p>\n\n\n\n<p class=\"wp-block-paragraph\">En los fundamentos, entre otros conceptos, indica el autor que \u201cestas obras literarias son el fruto de una meticulosa recopilaci\u00f3n de las mejores obras presentadas en los concursos literarios organizados por las secretarias de cultura de Santiago del Estero, Jujuy y Catamarca, con la valiosa colaboraci\u00f3n de Salta, Tucum\u00e1n y la Rioja\u201d.<\/p>\n\n\n\n<p class=\"wp-block-paragraph\">Agrega que \u201ceste ciclo de encuentros culturales tiene como prop\u00f3sito brindar un espacio a todas las expresiones art\u00edsticas y culturales, fomentar la creatividad e imaginaci\u00f3n contribuyendo a un desarrollo integral y arm\u00f3nico, destacando la realizaci\u00f3n de este tipo de eventos que tienden a enriquecer el acervo cultural de los vecinos\u201d.<\/p>\n\n\n\n<p class=\"wp-block-paragraph\">Mismo tr\u00e1mite tuvo la Ordenanza por la que \u201cse declara de inter\u00e9s municipal, cultura y social la realizaci\u00f3n de la charla taller denominada \u201cNuevas Miradas sobre la Vida del Libertador\u201d, a realizarse el d\u00eda 15 de mes y a\u00f1o en curso en el SUM de la C\u00e1mara de Diputados de la Provincia, organizado conjuntamente por Asociaci\u00f3n Cultural Sanmartiniana de Santiago del Estero y la Vice- Gobernaci\u00f3n de Santiago del Estero y de conformidad a las disposiciones de la Ordenanza N\u00ba 4803\/13\u201d.<\/p>\n\n\n\n<p class=\"wp-block-paragraph\">En los fundamentos, se indica que \u201cen dicho evento disertaran el profesor Clemente Di Lullo, presidente de la Asociaci\u00f3n Cultural de Santiago del Estero con el tema \u201cSan Martin y la educaci\u00f3n popular\u201d; la profesora Silvia Piccoli con el tema \u201cSan Martin y su relaci\u00f3n con los pueblos\u201d, y el profesor Patricio Queirolo con el tema \u201cBreve an\u00e1lisis de pinacoteca sanmartiniana\u201d, operando como moderado la profesora Sara Cecilia Aguirre\u201d.<\/p>\n\n\n\n<p class=\"wp-block-paragraph\">Subraya que \u201cSan Martin fue un hombre de grandeza, para poner los pies en la tierra y analizar el contexto en el que le tocaba actuar\u201d.<\/p>\n\n\n\n<p class=\"wp-block-paragraph\">Concluye que \u201cera muy estudioso, pensaba mucho antes de actuar, trataba de que sus ideas produjeran efectos positivos en la medida de lo posible. Era un hombre que sab\u00eda reconocer los triunfos de los otros; es por ellos que nunca se agotara las charlas o disertaciones sobre su personalidad, un verdadero pr\u00f3cer de la historia de la Rep\u00fablica Argentina\u201d.<\/p>\n\n\n\n<p class=\"wp-block-paragraph\">Orden del D\u00eda<\/p>\n\n\n\n<p class=\"wp-block-paragraph\">En la oportunidad, se consideraron los despachos de comisi\u00f3n consensuados y tratados en comisiones.<\/p>\n\n\n\n<p class=\"wp-block-paragraph\">Se sancion\u00f3 la Ordenanza, promovida por el bloque del Frente C\u00edvico, por la que \u201cse declara de Inter\u00e9s Municipal, Deportivo y Social la realizaci\u00f3n del \u201cTorneo Nacional de Cestoball Masculino, a desarrollarse entre los d\u00edas 11 y 15 de septiembre del corriente a\u00f1o, en esta ciudad; y en concordancias con las disposiciones de la Ordenanza N\u00b0 4.803\/2013\u201d. Se har\u00e1 entrega de copia fiel de la Ordenanza a las autoridades de la entidad organizadora del evento mencionado en el art\u00edculo precedente.<\/p>\n\n\n\n<p class=\"wp-block-paragraph\">En los fundamentos, se se\u00f1ala que \u201cla Liga Nacional de Cestoball Masculino representa una oportunidad invaluable para destacar la identidad cultural de Santiago del Estero, fomentar el deporte y mejorar la econom\u00eda local a trav\u00e9s del turismo\u201d.<\/p>\n\n\n\n<p class=\"wp-block-paragraph\">Concluye que \u201c la Liga Nacional de Cestoball Masculino, es uno de los torneos m\u00e1s destacados del calendario deportivo argentino. Cuenta con la presencia de 16 equipos de diferentes provincias, generar\u00e1 un importante flujo de visitantes que contribuir\u00e1n al desarrollo econ\u00f3mico local. Este evento no solo promueve el deporte, sino que tambi\u00e9n sirve como una plataforma para el intercambio cultural y la cohesi\u00f3n social entre las distintas regiones del pa\u00eds\u201d.<\/p>\n\n\n\n<p class=\"wp-block-paragraph\">Mismo tr\u00e1mite tuvo la iniciativa del Frente C\u00edvico, por la que se sancion\u00f3 la Ordenanza por la que \u201cse declara de Inter\u00e9s Municipal, Social y Educativo el \u201c1\u00b0 Encuentro Provincial de Educaci\u00f3n para la Salud- Compartir para construir conocimiento\u201d, organizado por el Ministerio de Salud, en conjunto con la Universidad Nacional de Santiago del Estero y la Municipalidad de la Capital que se llevar\u00e1 a cabo los d\u00edas 27 y 28 de agosto del corriente; y en concordancias con las disposiciones de la Ordenanza N\u00b0 4.803\/2013\u201d.<\/p>\n\n\n\n<p class=\"wp-block-paragraph\">Se agrega: \u201cSe felicita en su d\u00eda a todos los Educadores de la Salud, que se celebra el pr\u00f3ximo 27 de agosto del corriente a\u00f1o el \u201cD\u00eda del Educador para la Salud\u201d.<\/p>\n\n\n\n<p class=\"wp-block-paragraph\">El autor de la iniciativa se\u00f1ala que \u201cla educaci\u00f3n para la salud es un campo en constante evoluci\u00f3n, que requiere de profesionales actualizados y capacitados para abordar los desaf\u00edos emergentes en la promoci\u00f3n de la salud y la prevenci\u00f3n de enfermedades\u201d.<\/p>\n\n\n\n<p class=\"wp-block-paragraph\">A\u00f1ade que \u201cel 1\u00b0 Encuentro provincial propone reunir a profesionales de la educaci\u00f3n para la salud que trabajan no solo en el sistema de salud p\u00fablica provincial, sino tambi\u00e9n en el sector privado, educaci\u00f3n y en los diferentes municipios de la provincia, para compartir experiencias y buenas pr\u00e1cticas en la implementaci\u00f3n de programas de educaci\u00f3n para la salud, actualizar y compartir conocimientos sobre temas emergentes en la salud p\u00fablica\u201d.<\/p>\n\n\n\n<p class=\"wp-block-paragraph\">Subraya que \u201clos objetivos son crear un espacio de dialogo e intercambio de experiencias sobre la educaci\u00f3n para la salud en diferentes campos de acci\u00f3n para que los profesionales de diferentes \u00e1mbitos puedan actualizar sus habilidades y conocimientos en post de mejorar la calidad de sus intervenciones en la comunidad. Celebrar y poner en valor el D\u00eda del educador para la salud que se conmemora todos los 27 de agosto de cada a\u00f1o\u201d.<\/p>\n\n\n\n<p class=\"wp-block-paragraph\">Dicho encuentro est\u00e1 organizado por el Ministerio de Salud, Direcci\u00f3n de Salud Comunitaria, Direcci\u00f3n de Atenci\u00f3n Primaria de la Salud, \u00e1rea de Prensa y Comunicaci\u00f3n y la Municipalidad de la Capital. A su vez coorganizan la Universidad Nacional de Santiago del Estero, Facultad de Humanidades Ciencias Sociales y de la Salud, Carrera de Educaci\u00f3n para la Salud y la direcci\u00f3n del Interior, Direcci\u00f3n de Atenci\u00f3n M\u00e9dica pertenecientes al Ministerio de Salud.<\/p>\n\n\n\n<p class=\"wp-block-paragraph\">El cuerpo de ediles capitalinos sancion\u00f3 la Ordenanza, promovida por el Departamento Ejecutivo Municipal, por la que \u201cse nomina con el nombre \u201cPlaza Ing. El\u00edas Maud\u201d al espacio verde ubicado al noroeste de la intersecci\u00f3n de calles Juli\u00e1n y Benicio D\u00edaz con Av. del Trabajo, situada dentro de los l\u00edmites del barrio Mariano Moreno. Se deroga toda otra disposici\u00f3n que se oponga a la presente\u201d.<\/p>\n\n\n\n<p class=\"wp-block-paragraph\">En los fundamentos, se indica que \u201cteniendo en cuenta que este espacio verde fue inaugurado en el mes de Julio de 2.023, hoy se solicita se dicte el marco legal que as\u00ed lo establezca\u201d.<\/p>\n\n\n\n<p class=\"wp-block-paragraph\">A\u00f1ade que \u201ceste espacio lleva ese nombre en homenaje al ex intendente capitalino, Ing. El\u00edas Maud, quien don\u00f3 desinteresadamente el terreno en el que se construy\u00f3 dicha plaza, ubicada en la intersecci\u00f3n de la Avda. del Trabajo y Juli\u00e1n y Benicio D\u00edaz en el barrio antes mencionado\u201d.<\/p>\n\n\n\n<p class=\"wp-block-paragraph\">Por otra parte, se sancion\u00f3 la Ordenanza, promovida por el Departamento Ejecutivo Municipal, por la que \u201cse nomina \u201cDr. Ricardo Rojas\u201d, a la actual calle Ameghino entre La Plata y Posta de Yatasto, limite Noroeste de los barrios Juan Bautista Alberdi y Juan XXIII; y limite Sureste del barrio Sargento Cabral\u201d.<\/p>\n\n\n\n<p class=\"wp-block-paragraph\">Asimismo \u201cse nomina \u201cAmeghino\u201d a la actual calle Granadero Baigorria entre La Plata y de Yatasto del barrio sargento Cabral\u201d. Se deroga toda otra disposici\u00f3n que se oponga a la presente.<\/p>\n\n\n\n<p class=\"wp-block-paragraph\">En los fundamentos, se indica que \u201cse hace necesario reorganizar la denominaci\u00f3n de algunas calles de los barrios Alberdi, Juan XXIII y Sargento Cabral, para evitar confusi\u00f3n por parte de la comunidad en general, como as\u00ed tambi\u00e9n desde el punto de vista catastral\u201d.<\/p>\n\n\n\n<p class=\"wp-block-paragraph\">\u201cActualmente la calle Ameghino tiene un importante desfasaje lo que provoca confusi\u00f3n, adem\u00e1s de modificar los l\u00edmites de los barrios circundantes.<\/p>\n\n\n\n<p class=\"wp-block-paragraph\">Que, se propone nominar las calles de la siguiente manera:<\/p>\n\n\n\n<p class=\"wp-block-paragraph\">*Ameghino, a la actual calle Granadero Baigorria, entre La Plata y Posta de Yatasto,<\/p>\n\n\n\n<p class=\"wp-block-paragraph\">*Dr. Ricardo Rojas, a la actual calle Ameghino, entre La Plata y Posta de Yatasto; de esta manera los l\u00edmites de los barrios no se ver\u00edan afectados tal como se mencionan en Ordenanza N\u00ba660\/78.<\/p>\n\n\n\n<p class=\"wp-block-paragraph\">Debe tenerse en cuenta que el sector del barrio Sargento Cabral comprendido entre las calles Juan Herrera, Avenida Roca, Granadero Baigorria y La Plata se encuentra sujeto al r\u00e9gimen de Propiedad Horizontal\u201d.<\/p>\n\n\n\n<p class=\"wp-block-paragraph\">Por \u00faltimo, se sancion\u00f3 la Ordenanza, promovida por el Departamento Ejecutivo Municipal por la que \u201cse nominan las calles del Barrio Islas Malvinas en su sector Noroeste de la siguiente manera:<\/p>\n\n\n\n<p class=\"wp-block-paragraph\">*Calles con orientaci\u00f3n Noreste-Sudoeste<\/p>\n\n\n\n<p class=\"wp-block-paragraph\">A partir de calle Dr. Jos\u00e9 Mar\u00eda Cantizano (l\u00edmite Norte del barrio)<\/p>\n\n\n\n<p class=\"wp-block-paragraph\">Primera paralela al Sudoeste, Pedro Vozza<br>Segunda paralela al Sudoeste, Eduardo Tomas Silva (y prolongaci\u00f3n)<br>Tercera paralela al Sudoeste, Godofredo Omar I\u00f1iguez<br>Cuarta paralela al Sudoeste, Operaci\u00f3n Rosario<br>*Calles con orientaci\u00f3n Noroeste-Sudeste<\/p>\n\n\n\n<p class=\"wp-block-paragraph\">A partir de Av. Belgrano-Ruta Nacional N\u00b0 9 (l\u00edmite Oeste del Barrio)<\/p>\n\n\n\n<p class=\"wp-block-paragraph\">Primera paralela al Noreste, Alberto Edmundo G\u00f3mez<br>Segunda paralela al Noreste, Olimpia Righetti<br>Tercera paralela al Noreste, Lic. Fernando Bravo de Zamora (y su prolongaci\u00f3n)<br>Cuarta paralela al Noreste, Julio Castillo<br>Quinta paralela al Noreste, Cap. Mart\u00edn de Herrera<br>Sexta paralela al Noreste, ARA Alf\u00e9rez Sobral<br>En los fundamentos, se indica que \u201cen virtud del crecimiento urbano que experimenta nuestra ciudad hacia todos los rumbos, en especial en el barrio Islas Malvinas donde se inaugur\u00f3 un complejo habitacional en el sector Noroeste del mencionado barrio, se hace necesario incorporar la denominaci\u00f3n de las calles a dicho sector, imprescindible para sus identificaciones por parte de la comunidad en general, como as\u00ed tambi\u00e9n desde el punto de vista catastral\u201d.<\/p>\n\n\n\n<p class=\"wp-block-paragraph\">Concluye que \u201cse hace notar que para la elecci\u00f3n de los nombres propuestos se tuvo en cuenta los ya preexistentes con sus prolongaciones dentro del barrio o de barrios aleda\u00f1os, y nombres de personas (Ex Combatientes Santiague\u00f1os en Malvinas) y lugares referidos a la tem\u00e1tica del nombre del barrio\u201d.<\/p>\n","protected":false},"excerpt":{"rendered":"<p>13.08.24 En un clima de tranquilidad, se celebr\u00f3 la 22da sesi\u00f3n ordinaria del Concejo Deliberante de la capital, presidida por su titular, Humberto Santill\u00e1n, y la presencia de 11 ediles. En la ocasi\u00f3n, se sancionaron iniciativas del DEM. Por una de ellas, se nomina con el nombre \u201cPlaza Ing. El\u00edas Maud\u201d a un espacio verde del Barrio Mariano Moreno; Se nomina \u201cDr. Ricardo Rojas\u201d, a la actual calle Ameghino entre La Plata y Posta de Yatasto y se nominaron las calles del Barrio Islas Malvinas en su sector Noroeste. En&hellip;<\/p>\n","protected":false},"author":1,"featured_media":0,"comment_status":"open","ping_status":"closed","sticky":false,"template":"","format":"standard","meta":{"footnotes":""},"categories":[3],"tags":[],"class_list":["post-10447","post","type-post","status-publish","format-standard","hentry","category-hcd-capital"],"rttpg_featured_image_url":null,"rttpg_author":{"display_name":"rober","author_link":"https:\/\/livingmultimediosde.net.ar\/INDEX\/author\/rober\/"},"rttpg_comment":0,"rttpg_category":"<a href=\"https:\/\/livingmultimediosde.net.ar\/INDEX\/category\/hcd-capital\/\" rel=\"category tag\">HCD CAPITAL<\/a>","rttpg_excerpt":"13.08.24 En un clima de tranquilidad, se celebr\u00f3 la 22da sesi\u00f3n ordinaria del Concejo Deliberante de la capital, presidida por su titular, Humberto Santill\u00e1n, y la presencia de 11 ediles. En la ocasi\u00f3n, se sancionaron iniciativas del DEM. Por una de ellas, se nomina con el nombre \u201cPlaza Ing. El\u00edas Maud\u201d a un espacio verde&hellip;","_links":{"self":[{"href":"https:\/\/livingmultimediosde.net.ar\/INDEX\/wp-json\/wp\/v2\/posts\/10447","targetHints":{"allow":["GET"]}}],"collection":[{"href":"https:\/\/livingmultimediosde.net.ar\/INDEX\/wp-json\/wp\/v2\/posts"}],"about":[{"href":"https:\/\/livingmultimediosde.net.ar\/INDEX\/wp-json\/wp\/v2\/types\/post"}],"author":[{"embeddable":true,"href":"https:\/\/livingmultimediosde.net.ar\/INDEX\/wp-json\/wp\/v2\/users\/1"}],"replies":[{"embeddable":true,"href":"https:\/\/livingmultimediosde.net.ar\/INDEX\/wp-json\/wp\/v2\/comments?post=10447"}],"version-history":[{"count":1,"href":"https:\/\/livingmultimediosde.net.ar\/INDEX\/wp-json\/wp\/v2\/posts\/10447\/revisions"}],"predecessor-version":[{"id":10449,"href":"https:\/\/livingmultimediosde.net.ar\/INDEX\/wp-json\/wp\/v2\/posts\/10447\/revisions\/10449"}],"wp:attachment":[{"href":"https:\/\/livingmultimediosde.net.ar\/INDEX\/wp-json\/wp\/v2\/media?parent=10447"}],"wp:term":[{"taxonomy":"category","embeddable":true,"href":"https:\/\/livingmultimediosde.net.ar\/INDEX\/wp-json\/wp\/v2\/categories?post=10447"},{"taxonomy":"post_tag","embeddable":true,"href":"https:\/\/livingmultimediosde.net.ar\/INDEX\/wp-json\/wp\/v2\/tags?post=10447"}],"curies":[{"name":"wp","href":"https:\/\/api.w.org\/{rel}","templated":true}]}}