{"id":10427,"date":"2024-08-13T19:53:23","date_gmt":"2024-08-13T19:53:23","guid":{"rendered":"https:\/\/livingmultimediosde.net.ar\/INDEX\/?p=10427"},"modified":"2024-08-13T19:53:26","modified_gmt":"2024-08-13T19:53:26","slug":"alumnos-de-pampa-de-los-guanacos-y-de-anatuya-visitaron-casa-de-gobierno","status":"publish","type":"post","link":"https:\/\/livingmultimediosde.net.ar\/INDEX\/2024\/08\/alumnos-de-pampa-de-los-guanacos-y-de-anatuya-visitaron-casa-de-gobierno\/","title":{"rendered":"ALUMNOS DE PAMPA DE LOS GUANACOS Y DE A\u00d1ATUYA VISITARON CASA DE GOBIERNO"},"content":{"rendered":"\n<p class=\"wp-block-paragraph\">En representaci\u00f3n del gobernador Gerardo Zamora, el jefe de Gabinete de Ministros, El\u00edas Su\u00e1rez, recibi\u00f3 este martes al mediod\u00eda en Casa de Gobierno la visita de alumnos del Instituto San Jos\u00e9 Calasanz de Pampa de los Guanacos, departamento Copo, y del Colegio Sagrada Familia de A\u00f1atuya, departamento Taboada.<br>El encuentro se desarroll\u00f3 en el Sal\u00f3n de Acuerdos \u201cJuan Felipe Ibarra\u201d en el marco del programa \u201cConociendo mi Provincia\u201d, que permite que chicos del interior que cursan el \u00faltimo a\u00f1o del secundario puedan visitar lugares emblem\u00e1ticos de la ciudad Capital y conocer tambien Las Termas de R\u00edo Hondo y Villa La Punta.<br>Luego de la entrega de presentes, el jefe de Gabinete agradeci\u00f3 a los chicos por su visita y a los docentes por el esfuerzo que realizan al acompa\u00f1ar a los alumnos en esta experiencia, ya que \u201ceste programa brinda la oportunidad, no solo de conocer sitios culturales, institucionales, deportivos y tur\u00edsticos, sino tambi\u00e9n para que puedan tener una experiencia en grupo sobre todo cuando est\u00e1n por culminar una etapa muy importante en sus vidas\u00bb.<br>\u00abEs innumerable la cantidad de j\u00f3venes que han pasado por este sal\u00f3n emblem\u00e1tico donde se reciben las visitas importantes y por eso hoy est\u00e1n presentes ustedes aqu\u00ed\u201d, destac\u00f3.<\/p>\n","protected":false},"excerpt":{"rendered":"<p>En representaci\u00f3n del gobernador Gerardo Zamora, el jefe de Gabinete de Ministros, El\u00edas Su\u00e1rez, recibi\u00f3 este martes al mediod\u00eda en Casa de Gobierno la visita de alumnos del Instituto San Jos\u00e9 Calasanz de Pampa de los Guanacos, departamento Copo, y del Colegio Sagrada Familia de A\u00f1atuya, departamento Taboada.El encuentro se desarroll\u00f3 en el Sal\u00f3n de Acuerdos \u201cJuan Felipe Ibarra\u201d en el marco del programa \u201cConociendo mi Provincia\u201d, que permite que chicos del interior que cursan el \u00faltimo a\u00f1o del secundario puedan visitar lugares emblem\u00e1ticos de la ciudad Capital y conocer&hellip;<\/p>\n","protected":false},"author":1,"featured_media":0,"comment_status":"open","ping_status":"closed","sticky":false,"template":"","format":"standard","meta":{"footnotes":""},"categories":[1],"tags":[],"class_list":["post-10427","post","type-post","status-publish","format-standard","hentry","category-uncategorized"],"rttpg_featured_image_url":null,"rttpg_author":{"display_name":"rober","author_link":"https:\/\/livingmultimediosde.net.ar\/INDEX\/author\/rober\/"},"rttpg_comment":0,"rttpg_category":"<a href=\"https:\/\/livingmultimediosde.net.ar\/INDEX\/category\/uncategorized\/\" rel=\"category tag\">Uncategorized<\/a>","rttpg_excerpt":"En representaci\u00f3n del gobernador Gerardo Zamora, el jefe de Gabinete de Ministros, El\u00edas Su\u00e1rez, recibi\u00f3 este martes al mediod\u00eda en Casa de Gobierno la visita de alumnos del Instituto San Jos\u00e9 Calasanz de Pampa de los Guanacos, departamento Copo, y del Colegio Sagrada Familia de A\u00f1atuya, departamento Taboada.El encuentro se desarroll\u00f3 en el Sal\u00f3n de&hellip;","_links":{"self":[{"href":"https:\/\/livingmultimediosde.net.ar\/INDEX\/wp-json\/wp\/v2\/posts\/10427","targetHints":{"allow":["GET"]}}],"collection":[{"href":"https:\/\/livingmultimediosde.net.ar\/INDEX\/wp-json\/wp\/v2\/posts"}],"about":[{"href":"https:\/\/livingmultimediosde.net.ar\/INDEX\/wp-json\/wp\/v2\/types\/post"}],"author":[{"embeddable":true,"href":"https:\/\/livingmultimediosde.net.ar\/INDEX\/wp-json\/wp\/v2\/users\/1"}],"replies":[{"embeddable":true,"href":"https:\/\/livingmultimediosde.net.ar\/INDEX\/wp-json\/wp\/v2\/comments?post=10427"}],"version-history":[{"count":1,"href":"https:\/\/livingmultimediosde.net.ar\/INDEX\/wp-json\/wp\/v2\/posts\/10427\/revisions"}],"predecessor-version":[{"id":10429,"href":"https:\/\/livingmultimediosde.net.ar\/INDEX\/wp-json\/wp\/v2\/posts\/10427\/revisions\/10429"}],"wp:attachment":[{"href":"https:\/\/livingmultimediosde.net.ar\/INDEX\/wp-json\/wp\/v2\/media?parent=10427"}],"wp:term":[{"taxonomy":"category","embeddable":true,"href":"https:\/\/livingmultimediosde.net.ar\/INDEX\/wp-json\/wp\/v2\/categories?post=10427"},{"taxonomy":"post_tag","embeddable":true,"href":"https:\/\/livingmultimediosde.net.ar\/INDEX\/wp-json\/wp\/v2\/tags?post=10427"}],"curies":[{"name":"wp","href":"https:\/\/api.w.org\/{rel}","templated":true}]}}