{"id":10425,"date":"2024-08-13T19:51:52","date_gmt":"2024-08-13T19:51:52","guid":{"rendered":"https:\/\/livingmultimediosde.net.ar\/INDEX\/?p=10425"},"modified":"2024-08-13T19:51:55","modified_gmt":"2024-08-13T19:51:55","slug":"esperan-eliminacion-del-impuesto-pais-para-bajas-automaticas-de-precios-en-productos-informaticos","status":"publish","type":"post","link":"https:\/\/livingmultimediosde.net.ar\/INDEX\/2024\/08\/esperan-eliminacion-del-impuesto-pais-para-bajas-automaticas-de-precios-en-productos-informaticos\/","title":{"rendered":"Esperan eliminaci\u00f3n del Impuesto Pa\u00eds para bajas \u00abautom\u00e1ticas\u00bb de precios en productos inform\u00e1ticos"},"content":{"rendered":"\n<p class=\"wp-block-paragraph\">Una baja y posterior eliminaci\u00f3n en el Impuesto Pa\u00eds, medida que el Gobierno contempla para los pr\u00f3ximos meses, se ver\u00e1 reflejada en forma \u00abautom\u00e1tica\u00bb en los costos de los productos inform\u00e1ticos.<\/p>\n\n\n\n<p class=\"wp-block-paragraph\">As\u00ed lo indic\u00f3 el Jean Pierre Cecillon, director regional de Sudam\u00e9rica hispana de la firma Kingston, dedicada a la producci\u00f3n de memorias.<\/p>\n\n\n\n<p class=\"wp-block-paragraph\">\u00abUna de las promesas de este Gobierno era sacar el Impuesto Pa\u00eds, eso impacta en nuestros productos porque son importados, la reducci\u00f3n de diez puntos y la eliminaci\u00f3n, ser\u00eda un impacto positivo para el negocio y los consumidores\u00bb, sostuvo el directivo en di\u00e1logo con la agencia Noticias Argentinas, mientras su firma presentaba nuevos productos.<\/p>\n\n\n\n<p class=\"wp-block-paragraph\">Seg\u00fan confirm\u00f3 en los \u00faltimos d\u00edas el presidente Javier Milei y el ministro de Econom\u00eda, Luis Caputo, el Gobierno argentino planea reducir el Impuesto Pa\u00eds en septiembre de 17,5 a 7,5 por ciento, y eliminarlo completamente en septiembre.<\/p>\n\n\n\n<p class=\"wp-block-paragraph\">Cecillon explic\u00f3 que la reducci\u00f3n del impuesto a operaciones con moneda extranjera se ver\u00e1 reflejada en una baja de los costos de los productos de su firma, todos ellos importados.<\/p>\n\n\n\n<p class=\"wp-block-paragraph\">Adem\u00e1s, explic\u00f3 que el mercado argentino guarda un inter\u00e9s especial para la matriz de la firma, situada en California, Estados Unidos, porque se trata del tercer pa\u00eds en importancia en<br>Latinoam\u00e9rica para sus productos, despu\u00e9s de M\u00e9xico y Brasil.<\/p>\n\n\n\n<p class=\"wp-block-paragraph\">\u00abFue el segundo pa\u00eds de la regi\u00f3n despu\u00e9s de M\u00e9xico con importante presencia de Kingston. El mix de productos es muy completo porque el mercado argentino consume todos los productos.<br>Aspiramos que con la baja del Impuesto Pa\u00eds nuestros productos sean m\u00e1s accesibles\u00bb, indic\u00f3 el directivo.<\/p>\n\n\n\n<p class=\"wp-block-paragraph\">Al ser consultado sobre la actual coyuntura del pa\u00eds, Cecillon se\u00f1al\u00f3 que en los meses finales del gobierno de Alberto Fern\u00e1ndez, varias empresas se estoquearon con productos inform\u00e1ticos ante el temor de un cierre abrupto de las importaciones, como ocurri\u00f3 en 2002.<\/p>\n\n\n\n<p class=\"wp-block-paragraph\">Seg\u00fan el director ejecutivo, \u00abla sorpresa es que nada de eso sucedi\u00f3\u00bb, ya que \u00abno hubo suspensi\u00f3n del negocio\u00bb y se agiliz\u00f3 el pago de deudas por importaciones con las medidas aplicadas por el nuevo Gobierno.<\/p>\n\n\n\n<p class=\"wp-block-paragraph\">Indic\u00f3 que si bien no se pueden comparar las ventas de la empresa con los meses en los que las corporaciones se estoqueaban, desde octubre pasado la facturaci\u00f3n viene creciendo meses a mes.<\/p>\n\n\n\n<p class=\"wp-block-paragraph\">No obstante, admiti\u00f3 que existen dificultades en las empresas, una circunstancia que en parte beneficia a la firma de memorias. La dificultad de reponer equipos hace que las firmas procuren prolongar la vida \u00fatil de los mismos, por lo que las firmas buscan hacerlo por medio de los cambios de memoria y discos r\u00edgidos.<\/p>\n\n\n\n<p class=\"wp-block-paragraph\">\u00abLa mayor\u00eda de los productos que ofrecemos son complementos de los equipos como computadoras o c\u00e1maras de foto, por ejemplo\u00bb, explic\u00f3 Cecillon.<\/p>\n\n\n\n<p class=\"wp-block-paragraph\">Se\u00f1al\u00f3 adem\u00e1s que \u00abla mayor\u00eda de los a\u00f1os de crisis no son malos\u00bb para su firma, al considerar que \u00abcuando los presupuestos son acotados en las empresas, como en este momento, Kingston es un gran aliado\u00bb.<\/p>\n\n\n\n<p class=\"wp-block-paragraph\">\u00abObviamente hay un l\u00edmite, ya que en 2002 toda la econom\u00eda estaba mal y no tuvimos pr\u00e1cticamente negocios en cuatro meses, pero s\u00ed hay oportunidades cuando la econom\u00eda busca la recuperaci\u00f3n\u00bb, explic\u00f3.<\/p>\n\n\n\n<p class=\"wp-block-paragraph\">Tambi\u00e9n indic\u00f3 que \u00abhay velocidades distintas\u00bb y que el consumo corporativo se recupera en forma mucho m\u00e1s r\u00e1pida que el personal.<\/p>\n\n\n\n<p class=\"wp-block-paragraph\">Nuevos productos<br>Kingston present\u00f3 el disco SSD EXTERNO XS1000 rojo \u2013 RED 1000G-2000G, con un desempe\u00f1o de alta velocidad de 1.000 MB\/s y capacidades de hasta 2TB, adem\u00e1s del SDD NV3, de alta velocidad y bajo consumo, con velocidades de lectura\/escritura de hasta 6.000\/5.000MB\/s, con almacenamiento de hasta 4TB.<\/p>\n\n\n\n<p class=\"wp-block-paragraph\">Tambi\u00e9n sum\u00f3 a la oferta, el Kingston FURY Renegade DDR5 Edici\u00f3n limitada, la memoria RAM lanzada a nivel mundial el 24 de junio, la cual se vende de forma exclusiva en Gaming City, con m\u00f3dulos disponibles en kits de 4.<\/p>\n","protected":false},"excerpt":{"rendered":"<p>Una baja y posterior eliminaci\u00f3n en el Impuesto Pa\u00eds, medida que el Gobierno contempla para los pr\u00f3ximos meses, se ver\u00e1 reflejada en forma \u00abautom\u00e1tica\u00bb en los costos de los productos inform\u00e1ticos. As\u00ed lo indic\u00f3 el Jean Pierre Cecillon, director regional de Sudam\u00e9rica hispana de la firma Kingston, dedicada a la producci\u00f3n de memorias. \u00abUna de las promesas de este Gobierno era sacar el Impuesto Pa\u00eds, eso impacta en nuestros productos porque son importados, la reducci\u00f3n de diez puntos y la eliminaci\u00f3n, ser\u00eda un impacto positivo para el negocio y los&hellip;<\/p>\n","protected":false},"author":1,"featured_media":0,"comment_status":"open","ping_status":"closed","sticky":false,"template":"","format":"standard","meta":{"footnotes":""},"categories":[4],"tags":[],"class_list":["post-10425","post","type-post","status-publish","format-standard","hentry","category-interes-general"],"rttpg_featured_image_url":null,"rttpg_author":{"display_name":"rober","author_link":"https:\/\/livingmultimediosde.net.ar\/INDEX\/author\/rober\/"},"rttpg_comment":0,"rttpg_category":"<a href=\"https:\/\/livingmultimediosde.net.ar\/INDEX\/category\/interes-general\/\" rel=\"category tag\">INTERES GENERAL<\/a>","rttpg_excerpt":"Una baja y posterior eliminaci\u00f3n en el Impuesto Pa\u00eds, medida que el Gobierno contempla para los pr\u00f3ximos meses, se ver\u00e1 reflejada en forma \u00abautom\u00e1tica\u00bb en los costos de los productos inform\u00e1ticos. As\u00ed lo indic\u00f3 el Jean Pierre Cecillon, director regional de Sudam\u00e9rica hispana de la firma Kingston, dedicada a la producci\u00f3n de memorias. \u00abUna de&hellip;","_links":{"self":[{"href":"https:\/\/livingmultimediosde.net.ar\/INDEX\/wp-json\/wp\/v2\/posts\/10425","targetHints":{"allow":["GET"]}}],"collection":[{"href":"https:\/\/livingmultimediosde.net.ar\/INDEX\/wp-json\/wp\/v2\/posts"}],"about":[{"href":"https:\/\/livingmultimediosde.net.ar\/INDEX\/wp-json\/wp\/v2\/types\/post"}],"author":[{"embeddable":true,"href":"https:\/\/livingmultimediosde.net.ar\/INDEX\/wp-json\/wp\/v2\/users\/1"}],"replies":[{"embeddable":true,"href":"https:\/\/livingmultimediosde.net.ar\/INDEX\/wp-json\/wp\/v2\/comments?post=10425"}],"version-history":[{"count":1,"href":"https:\/\/livingmultimediosde.net.ar\/INDEX\/wp-json\/wp\/v2\/posts\/10425\/revisions"}],"predecessor-version":[{"id":10426,"href":"https:\/\/livingmultimediosde.net.ar\/INDEX\/wp-json\/wp\/v2\/posts\/10425\/revisions\/10426"}],"wp:attachment":[{"href":"https:\/\/livingmultimediosde.net.ar\/INDEX\/wp-json\/wp\/v2\/media?parent=10425"}],"wp:term":[{"taxonomy":"category","embeddable":true,"href":"https:\/\/livingmultimediosde.net.ar\/INDEX\/wp-json\/wp\/v2\/categories?post=10425"},{"taxonomy":"post_tag","embeddable":true,"href":"https:\/\/livingmultimediosde.net.ar\/INDEX\/wp-json\/wp\/v2\/tags?post=10425"}],"curies":[{"name":"wp","href":"https:\/\/api.w.org\/{rel}","templated":true}]}}