{"id":10422,"date":"2024-08-13T19:49:52","date_gmt":"2024-08-13T19:49:52","guid":{"rendered":"https:\/\/livingmultimediosde.net.ar\/INDEX\/?p=10422"},"modified":"2024-08-13T19:49:56","modified_gmt":"2024-08-13T19:49:56","slug":"crece-la-tension-entre-el-gobierno-y-el-pro-por-los-fondos-para-caba","status":"publish","type":"post","link":"https:\/\/livingmultimediosde.net.ar\/INDEX\/2024\/08\/crece-la-tension-entre-el-gobierno-y-el-pro-por-los-fondos-para-caba\/","title":{"rendered":"Crece la tensi\u00f3n entre el Gobierno y el PRO por los fondos para CABA"},"content":{"rendered":"\n<p class=\"wp-block-paragraph\">El conflicto pol\u00edtico entre el Gobierno nacional y el PRO tiene su principal campo de batalla en la Ciudad de Buenos Aires, distrito al que el Ministerio de Econom\u00eda se niega a girarle en formad diaria el 2,95% de la coparticipaci\u00f3n federal de impuestos tal como lo impuso un fallo de la Corte Suprema de la Naci\u00f3n.<\/p>\n\n\n\n<p class=\"wp-block-paragraph\">El m\u00e1ximo tribunal de justicia de la Naci\u00f3n fall\u00f3 a favor de la Capital en su reclamo de recuperar la totalidad de los fondos por coparticipaci\u00f3n federal que el ex presidente Alberto Fern\u00e1ndez le hab\u00eda quitado para d\u00e1rselos a la provincia de Buenos Aires.<\/p>\n\n\n\n<p class=\"wp-block-paragraph\">Fern\u00e1ndez hab\u00eda reducido de 2,95% a 1,40% de la masa coparticipable los recursos para CABA y el 1,45% restante se lo entreg\u00f3 a la provincia gobernada por Axel Kicillof.<\/p>\n\n\n\n<p class=\"wp-block-paragraph\">El fallo de la Corte aval\u00f3 el reclamo porte\u00f1o que no se cumpli\u00f3 durante los \u00faltimos dos a\u00f1os de mandato de Fern\u00e1ndez y ahora lleva otros ocho meses sin acatarse con el Poder Ejecutivo en manos de Javier Milei.<\/p>\n\n\n\n<p class=\"wp-block-paragraph\">En una reuni\u00f3n entre el ministro de Econom\u00eda, Luis Caputo y el jefe de Gobierno de la Ciudad, Jorge Macri, el funcionario nacional se comprometi\u00f3 a pagar el 2,95% con giros diarios desde el 1\u00b0 de agosto, pero ese acuerdo fue incumplido.<\/p>\n\n\n\n<p class=\"wp-block-paragraph\">Caputo decidi\u00f3 que en lugar de los pagos d\u00eda a d\u00eda la diferencia de 1,55% se pague una vez por semana bajo el formato de \u201ctransferencia discrecional\u201d.<\/p>\n\n\n\n<p class=\"wp-block-paragraph\">Sin el consenso de la Ciudad, Caputo inici\u00f3 este metodolog\u00eda en forma unilateral la primera semana de agosto con el env\u00edo de $ 20.000 millones.<\/p>\n\n\n\n<p class=\"wp-block-paragraph\">El gobierno porte\u00f1o rechaz\u00f3 este mecanismo dado que al quedar bajo la condici\u00f3n de \u201ctransferencias discrecionales\u201d se expone a que sean suspendidas o canceladas en cualquier momento de acuerdo al humor del Poder Ejecutivo.<\/p>\n\n\n\n<p class=\"wp-block-paragraph\">Por los giros autom\u00e1ticos a la Ciudad le corresponder\u00edan unos $ 90.000 millones mensuales. Por otro lado la deuda acumulada por el incumplimiento del fallo de la Corte es de unos US$ 4.000 millones.<\/p>\n\n\n\n<p class=\"wp-block-paragraph\">A este conflicto se le suma la intenci\u00f3n del Gobierno nacional de traspasar la operaci\u00f3n de 31 l\u00edneas de colectivos que circulan por CABA que le demandar\u00edan al erario porte\u00f1o otros $ 9.000 millones.<\/p>\n\n\n\n<p class=\"wp-block-paragraph\">A trav\u00e9s de la Procuraci\u00f3n, Macri present\u00f3 un escrito ante la Corte Suprema para denunciar el incumplimiento del Gobierno nacional.<\/p>\n\n\n\n<p class=\"wp-block-paragraph\">Si bien en el PRO no quieten tensar la cuerda y buscan mantener puentes pol\u00edticos el estr\u00e9s que est\u00e1n sufriendo de las cuentas p\u00fablicas puede cambiar la estrategia.<\/p>\n\n\n\n<p class=\"wp-block-paragraph\">Cronolog\u00eda<\/p>\n\n\n\n<p class=\"wp-block-paragraph\">En el a\u00f1o 2020, el entonces presidente Alberto Fern\u00e1ndez resolvi\u00f3 por decreto, y luego a trav\u00e9s de una ley, quitarle a la Ciudad de Buenos Aires el 60 por ciento de lo que recib\u00eda en concepto de Coparticipaci\u00f3n Federal, pasando del 3,5% al 1,4 por ciento.<br>A partir de una presentaci\u00f3n de la Ciudad, el 21 de diciembre de 2022, la Corte Suprema de Justicia de la Naci\u00f3n fij\u00f3 provisionalmente a trav\u00e9s de una cautelar un coeficiente de Coparticipaci\u00f3n del 2,95%, hasta que se resuelva la cuesti\u00f3n de fondo del reclamo. Tambi\u00e9n estableci\u00f3 que ese dinero se ten\u00eda que girar diariamente al distrito en forma inmediata.<br>El gobierno de Alberto Fern\u00e1ndez incumpli\u00f3 esta medida cautelar de la Corte Suprema y no gir\u00f3 el dinero correspondiente hasta el \u00faltimo d\u00eda de su mandato.<br>Con la asunci\u00f3n de Javier Milei como Presidente de la Naci\u00f3n, se realizaron dos reuniones entre el Jefe de Gobierno Jorge Macri y el Ministro de Econom\u00eda Luis Caputo para avanzar en el cumplimiento de la medida de la Corte Suprema.<br>La Ciudad dej\u00f3 de percibir desde el 9 de setiembre de 2020 m\u00e1s de 4,8 billones de pesos.<br>Antes de la quita de coparticipaci\u00f3n, esos fondos representaban el 25% del total de ingresos de la Ciudad. Desde setiembre de 2020, los fondos coparticipables representan s\u00f3lo el 11%.<br>La Ciudad aporta a la masa coparticipable entre el 22 y el 25% del total, en tanto que recibe s\u00f3lo el 1,4%.<\/p>\n","protected":false},"excerpt":{"rendered":"<p>El conflicto pol\u00edtico entre el Gobierno nacional y el PRO tiene su principal campo de batalla en la Ciudad de Buenos Aires, distrito al que el Ministerio de Econom\u00eda se niega a girarle en formad diaria el 2,95% de la coparticipaci\u00f3n federal de impuestos tal como lo impuso un fallo de la Corte Suprema de la Naci\u00f3n. El m\u00e1ximo tribunal de justicia de la Naci\u00f3n fall\u00f3 a favor de la Capital en su reclamo de recuperar la totalidad de los fondos por coparticipaci\u00f3n federal que el ex presidente Alberto Fern\u00e1ndez&hellip;<\/p>\n","protected":false},"author":1,"featured_media":0,"comment_status":"open","ping_status":"closed","sticky":false,"template":"","format":"standard","meta":{"footnotes":""},"categories":[4],"tags":[],"class_list":["post-10422","post","type-post","status-publish","format-standard","hentry","category-interes-general"],"rttpg_featured_image_url":null,"rttpg_author":{"display_name":"rober","author_link":"https:\/\/livingmultimediosde.net.ar\/INDEX\/author\/rober\/"},"rttpg_comment":0,"rttpg_category":"<a href=\"https:\/\/livingmultimediosde.net.ar\/INDEX\/category\/interes-general\/\" rel=\"category tag\">INTERES GENERAL<\/a>","rttpg_excerpt":"El conflicto pol\u00edtico entre el Gobierno nacional y el PRO tiene su principal campo de batalla en la Ciudad de Buenos Aires, distrito al que el Ministerio de Econom\u00eda se niega a girarle en formad diaria el 2,95% de la coparticipaci\u00f3n federal de impuestos tal como lo impuso un fallo de la Corte Suprema de&hellip;","_links":{"self":[{"href":"https:\/\/livingmultimediosde.net.ar\/INDEX\/wp-json\/wp\/v2\/posts\/10422","targetHints":{"allow":["GET"]}}],"collection":[{"href":"https:\/\/livingmultimediosde.net.ar\/INDEX\/wp-json\/wp\/v2\/posts"}],"about":[{"href":"https:\/\/livingmultimediosde.net.ar\/INDEX\/wp-json\/wp\/v2\/types\/post"}],"author":[{"embeddable":true,"href":"https:\/\/livingmultimediosde.net.ar\/INDEX\/wp-json\/wp\/v2\/users\/1"}],"replies":[{"embeddable":true,"href":"https:\/\/livingmultimediosde.net.ar\/INDEX\/wp-json\/wp\/v2\/comments?post=10422"}],"version-history":[{"count":1,"href":"https:\/\/livingmultimediosde.net.ar\/INDEX\/wp-json\/wp\/v2\/posts\/10422\/revisions"}],"predecessor-version":[{"id":10424,"href":"https:\/\/livingmultimediosde.net.ar\/INDEX\/wp-json\/wp\/v2\/posts\/10422\/revisions\/10424"}],"wp:attachment":[{"href":"https:\/\/livingmultimediosde.net.ar\/INDEX\/wp-json\/wp\/v2\/media?parent=10422"}],"wp:term":[{"taxonomy":"category","embeddable":true,"href":"https:\/\/livingmultimediosde.net.ar\/INDEX\/wp-json\/wp\/v2\/categories?post=10422"},{"taxonomy":"post_tag","embeddable":true,"href":"https:\/\/livingmultimediosde.net.ar\/INDEX\/wp-json\/wp\/v2\/tags?post=10422"}],"curies":[{"name":"wp","href":"https:\/\/api.w.org\/{rel}","templated":true}]}}