{"id":10412,"date":"2024-08-13T02:36:38","date_gmt":"2024-08-13T02:36:38","guid":{"rendered":"https:\/\/livingmultimediosde.net.ar\/INDEX\/?p=10412"},"modified":"2024-08-13T02:36:41","modified_gmt":"2024-08-13T02:36:41","slug":"la-municipalidad-trabajo-en-la-colocacion-de-nuevas-luminarias-led-en-el-barrio-sarmiento","status":"publish","type":"post","link":"https:\/\/livingmultimediosde.net.ar\/INDEX\/2024\/08\/la-municipalidad-trabajo-en-la-colocacion-de-nuevas-luminarias-led-en-el-barrio-sarmiento\/","title":{"rendered":"La Municipalidad trabaj\u00f3 en la colocaci\u00f3n de nuevas luminarias Led en el barrio Sarmiento"},"content":{"rendered":"\n<p class=\"wp-block-paragraph\">Dentro del programa de mejoras y reconversi\u00f3n del alumbrado p\u00fablico de la ciudad, la Direcci\u00f3n de Electricidad de la Municipalidad de la Capital trabaj\u00f3 en la colocaci\u00f3n de nuevos artefactos Led en el barrio Sarmiento.<\/p>\n\n\n\n<p class=\"wp-block-paragraph\">El personal procedi\u00f3 a la instalaci\u00f3n de luminarias sobre calles Emiliano Santill\u00e1n, Granadero Saavedra y San Luis, como parte de las tareas que se vienen realizando en ese sector.<\/p>\n\n\n\n<p class=\"wp-block-paragraph\">Similares tareas, se concretaron en los \u00faltimos d\u00edas en el barrio Independencia.<\/p>\n","protected":false},"excerpt":{"rendered":"<p>Dentro del programa de mejoras y reconversi\u00f3n del alumbrado p\u00fablico de la ciudad, la Direcci\u00f3n de Electricidad de la Municipalidad de la Capital trabaj\u00f3 en la colocaci\u00f3n de nuevos artefactos Led en el barrio Sarmiento. El personal procedi\u00f3 a la instalaci\u00f3n de luminarias sobre calles Emiliano Santill\u00e1n, Granadero Saavedra y San Luis, como parte de las tareas que se vienen realizando en ese sector. Similares tareas, se concretaron en los \u00faltimos d\u00edas en el barrio Independencia.<\/p>\n","protected":false},"author":1,"featured_media":0,"comment_status":"open","ping_status":"closed","sticky":false,"template":"","format":"standard","meta":{"footnotes":""},"categories":[1],"tags":[],"class_list":["post-10412","post","type-post","status-publish","format-standard","hentry","category-uncategorized"],"rttpg_featured_image_url":null,"rttpg_author":{"display_name":"rober","author_link":"https:\/\/livingmultimediosde.net.ar\/INDEX\/author\/rober\/"},"rttpg_comment":0,"rttpg_category":"<a href=\"https:\/\/livingmultimediosde.net.ar\/INDEX\/category\/uncategorized\/\" rel=\"category tag\">Uncategorized<\/a>","rttpg_excerpt":"Dentro del programa de mejoras y reconversi\u00f3n del alumbrado p\u00fablico de la ciudad, la Direcci\u00f3n de Electricidad de la Municipalidad de la Capital trabaj\u00f3 en la colocaci\u00f3n de nuevos artefactos Led en el barrio Sarmiento. El personal procedi\u00f3 a la instalaci\u00f3n de luminarias sobre calles Emiliano Santill\u00e1n, Granadero Saavedra y San Luis, como parte de&hellip;","_links":{"self":[{"href":"https:\/\/livingmultimediosde.net.ar\/INDEX\/wp-json\/wp\/v2\/posts\/10412","targetHints":{"allow":["GET"]}}],"collection":[{"href":"https:\/\/livingmultimediosde.net.ar\/INDEX\/wp-json\/wp\/v2\/posts"}],"about":[{"href":"https:\/\/livingmultimediosde.net.ar\/INDEX\/wp-json\/wp\/v2\/types\/post"}],"author":[{"embeddable":true,"href":"https:\/\/livingmultimediosde.net.ar\/INDEX\/wp-json\/wp\/v2\/users\/1"}],"replies":[{"embeddable":true,"href":"https:\/\/livingmultimediosde.net.ar\/INDEX\/wp-json\/wp\/v2\/comments?post=10412"}],"version-history":[{"count":1,"href":"https:\/\/livingmultimediosde.net.ar\/INDEX\/wp-json\/wp\/v2\/posts\/10412\/revisions"}],"predecessor-version":[{"id":10414,"href":"https:\/\/livingmultimediosde.net.ar\/INDEX\/wp-json\/wp\/v2\/posts\/10412\/revisions\/10414"}],"wp:attachment":[{"href":"https:\/\/livingmultimediosde.net.ar\/INDEX\/wp-json\/wp\/v2\/media?parent=10412"}],"wp:term":[{"taxonomy":"category","embeddable":true,"href":"https:\/\/livingmultimediosde.net.ar\/INDEX\/wp-json\/wp\/v2\/categories?post=10412"},{"taxonomy":"post_tag","embeddable":true,"href":"https:\/\/livingmultimediosde.net.ar\/INDEX\/wp-json\/wp\/v2\/tags?post=10412"}],"curies":[{"name":"wp","href":"https:\/\/api.w.org\/{rel}","templated":true}]}}