{"id":10409,"date":"2024-08-13T02:32:46","date_gmt":"2024-08-13T02:32:46","guid":{"rendered":"https:\/\/livingmultimediosde.net.ar\/INDEX\/?p=10409"},"modified":"2024-08-13T02:32:49","modified_gmt":"2024-08-13T02:32:49","slug":"empleados-de-la-municipalidad-se-capacitaran-para-sumar-conocimientos-en-computacion","status":"publish","type":"post","link":"https:\/\/livingmultimediosde.net.ar\/INDEX\/2024\/08\/empleados-de-la-municipalidad-se-capacitaran-para-sumar-conocimientos-en-computacion\/","title":{"rendered":"Empleados de la municipalidad se capacitar\u00e1n para sumar conocimientos en computaci\u00f3n"},"content":{"rendered":"\n<p class=\"wp-block-paragraph\">Con el objetivo de fortalecer las competencias tecnol\u00f3gicas de su personal, la Direcci\u00f3n de Desarrollo Social y Comunitario de la Municipalidad de la Capital dictar\u00e1 cursos de Computaci\u00f3n B\u00e1sica para sus empleados.<br>La capacitaci\u00f3n busca proporcionar a los participantes las herramientas y conocimientos necesarios para un manejo y configuraci\u00f3n adecuada de ordenadores, as\u00ed como de programas fundamentales como Microsoft Word y Excel.<br>A lo largo de cuatro sesiones, se abordar\u00e1n aspectos clave del uso de dispositivos y programas, con un enfoque en las necesidades espec\u00edficas del personal de la direcci\u00f3n, mejorando no solo su desempe\u00f1o individual, sino tambi\u00e9n el de la repartici\u00f3n en su conjunto, contribuyendo al logro de sus metas y al servicio eficaz a la comunidad.<\/p>\n","protected":false},"excerpt":{"rendered":"<p>Con el objetivo de fortalecer las competencias tecnol\u00f3gicas de su personal, la Direcci\u00f3n de Desarrollo Social y Comunitario de la Municipalidad de la Capital dictar\u00e1 cursos de Computaci\u00f3n B\u00e1sica para sus empleados.La capacitaci\u00f3n busca proporcionar a los participantes las herramientas y conocimientos necesarios para un manejo y configuraci\u00f3n adecuada de ordenadores, as\u00ed como de programas fundamentales como Microsoft Word y Excel.A lo largo de cuatro sesiones, se abordar\u00e1n aspectos clave del uso de dispositivos y programas, con un enfoque en las necesidades espec\u00edficas del personal de la direcci\u00f3n, mejorando no&hellip;<\/p>\n","protected":false},"author":1,"featured_media":0,"comment_status":"open","ping_status":"closed","sticky":false,"template":"","format":"standard","meta":{"footnotes":""},"categories":[1],"tags":[],"class_list":["post-10409","post","type-post","status-publish","format-standard","hentry","category-uncategorized"],"rttpg_featured_image_url":null,"rttpg_author":{"display_name":"rober","author_link":"https:\/\/livingmultimediosde.net.ar\/INDEX\/author\/rober\/"},"rttpg_comment":0,"rttpg_category":"<a href=\"https:\/\/livingmultimediosde.net.ar\/INDEX\/category\/uncategorized\/\" rel=\"category tag\">Uncategorized<\/a>","rttpg_excerpt":"Con el objetivo de fortalecer las competencias tecnol\u00f3gicas de su personal, la Direcci\u00f3n de Desarrollo Social y Comunitario de la Municipalidad de la Capital dictar\u00e1 cursos de Computaci\u00f3n B\u00e1sica para sus empleados.La capacitaci\u00f3n busca proporcionar a los participantes las herramientas y conocimientos necesarios para un manejo y configuraci\u00f3n adecuada de ordenadores, as\u00ed como de programas&hellip;","_links":{"self":[{"href":"https:\/\/livingmultimediosde.net.ar\/INDEX\/wp-json\/wp\/v2\/posts\/10409","targetHints":{"allow":["GET"]}}],"collection":[{"href":"https:\/\/livingmultimediosde.net.ar\/INDEX\/wp-json\/wp\/v2\/posts"}],"about":[{"href":"https:\/\/livingmultimediosde.net.ar\/INDEX\/wp-json\/wp\/v2\/types\/post"}],"author":[{"embeddable":true,"href":"https:\/\/livingmultimediosde.net.ar\/INDEX\/wp-json\/wp\/v2\/users\/1"}],"replies":[{"embeddable":true,"href":"https:\/\/livingmultimediosde.net.ar\/INDEX\/wp-json\/wp\/v2\/comments?post=10409"}],"version-history":[{"count":1,"href":"https:\/\/livingmultimediosde.net.ar\/INDEX\/wp-json\/wp\/v2\/posts\/10409\/revisions"}],"predecessor-version":[{"id":10411,"href":"https:\/\/livingmultimediosde.net.ar\/INDEX\/wp-json\/wp\/v2\/posts\/10409\/revisions\/10411"}],"wp:attachment":[{"href":"https:\/\/livingmultimediosde.net.ar\/INDEX\/wp-json\/wp\/v2\/media?parent=10409"}],"wp:term":[{"taxonomy":"category","embeddable":true,"href":"https:\/\/livingmultimediosde.net.ar\/INDEX\/wp-json\/wp\/v2\/categories?post=10409"},{"taxonomy":"post_tag","embeddable":true,"href":"https:\/\/livingmultimediosde.net.ar\/INDEX\/wp-json\/wp\/v2\/tags?post=10409"}],"curies":[{"name":"wp","href":"https:\/\/api.w.org\/{rel}","templated":true}]}}