{"id":10397,"date":"2024-08-12T05:52:36","date_gmt":"2024-08-12T05:52:36","guid":{"rendered":"https:\/\/livingmultimediosde.net.ar\/INDEX\/?p=10397"},"modified":"2024-08-12T05:52:39","modified_gmt":"2024-08-12T05:52:39","slug":"alimentos-el-consumidor-pago-mas-de-3-veces-lo-que-cobro-el-productor-en-julio","status":"publish","type":"post","link":"https:\/\/livingmultimediosde.net.ar\/INDEX\/2024\/08\/alimentos-el-consumidor-pago-mas-de-3-veces-lo-que-cobro-el-productor-en-julio\/","title":{"rendered":"Alimentos: el consumidor pag\u00f3 m\u00e1s de 3 veces lo que cobr\u00f3 el productor en julio"},"content":{"rendered":"\n<p class=\"wp-block-paragraph\">Los precios de los agroalimentos se multiplicaron 3,1 veces del campo a la g\u00f3ndola durante julio, seg\u00fan revel\u00f3 el \u00cdndice de Precios en Origen y Destino (IPOD) elaborado por el sector de Econom\u00edas Regionales de la Confederaci\u00f3n Argentina de la Mediana Empresa (CAME).<\/p>\n\n\n\n<p class=\"wp-block-paragraph\">De esta manera, el consumidor pag\u00f3 $3,1 por cada $1 que recibi\u00f3 el productor en el s\u00e9ptimo mes del a\u00f1o. En tanto que la participaci\u00f3n del productor explic\u00f3, en promedio, el 35,7% de los precios de venta final, un 14,8% m\u00e1s que en junio y alcanz\u00f3 el valor m\u00e1s alto desde diciembre de 2022.<\/p>\n\n\n\n<p class=\"wp-block-paragraph\">El an\u00e1lisis precis\u00f3 que la mayor participaci\u00f3n la tuvieron los productores de br\u00f3coli (60,8%), mientras que la menor fue nuevamente para los de lim\u00f3n (7,1%), como viene ocurriendo en los \u00faltimos meses.<\/p>\n\n\n\n<p class=\"wp-block-paragraph\">Desde CAME, indicaron que \u201cdurante el mes de julio 2024, fruto de la disminuci\u00f3n del poder adquisitivo y la falta de convalidaci\u00f3n de precios por parte del consumidor, se observ\u00f3 una ca\u00edda de la demanda de entre un 30% y un 40%\u201d.<\/p>\n\n\n\n<p class=\"wp-block-paragraph\">En este sentido, puntualizaron que \u201cal ser, por lo general, productos perecederos, la situaci\u00f3n forz\u00f3 a distintos eslabones de la cadena de valor (mayoristas y minoristas) a resignar parte de la renta\u201d y agregaron que tambi\u00e9n \u201cdebe considerarse el fuerte incremento de costos tanto en insumos dolarizados, como en transporte, log\u00edstica, arrendamientos, combustibles y salarios, por citar algunos\u201d.<\/p>\n\n\n\n<p class=\"wp-block-paragraph\">Asimismo, resaltaron que \u201cla producci\u00f3n agr\u00edcola se ha visto afectada por heladas y fr\u00edo extremo en todo el pa\u00eds, impactando directamente en la oferta\u201d y se\u00f1alaron que \u201ccomo consecuencia, se observ\u00f3 un aumento de precios en los alimentos, increment\u00e1ndose la participaci\u00f3n del productor en el precio final en destino\u201d.<\/p>\n\n\n\n<p class=\"wp-block-paragraph\">El IPOD frutihort\u00edcola, compuesto por los precios de 19 frutas y hortalizas, se multiplic\u00f3 por 3,6 veces en julio, lo que representa un descenso del 20% con respecto al mes anterior. Mientras que el IPOD ganadero, conformado por 5 productos y subproductos de origen animal, reflej\u00f3 que el consumidor abon\u00f3 2,9 veces m\u00e1s de lo que recibi\u00f3 el productor. En este caso, no se registraron variaciones con respecto a junio.<\/p>\n","protected":false},"excerpt":{"rendered":"<p>Los precios de los agroalimentos se multiplicaron 3,1 veces del campo a la g\u00f3ndola durante julio, seg\u00fan revel\u00f3 el \u00cdndice de Precios en Origen y Destino (IPOD) elaborado por el sector de Econom\u00edas Regionales de la Confederaci\u00f3n Argentina de la Mediana Empresa (CAME). De esta manera, el consumidor pag\u00f3 $3,1 por cada $1 que recibi\u00f3 el productor en el s\u00e9ptimo mes del a\u00f1o. En tanto que la participaci\u00f3n del productor explic\u00f3, en promedio, el 35,7% de los precios de venta final, un 14,8% m\u00e1s que en junio y alcanz\u00f3 el&hellip;<\/p>\n","protected":false},"author":1,"featured_media":0,"comment_status":"open","ping_status":"closed","sticky":false,"template":"","format":"standard","meta":{"footnotes":""},"categories":[4],"tags":[],"class_list":["post-10397","post","type-post","status-publish","format-standard","hentry","category-interes-general"],"rttpg_featured_image_url":null,"rttpg_author":{"display_name":"rober","author_link":"https:\/\/livingmultimediosde.net.ar\/INDEX\/author\/rober\/"},"rttpg_comment":0,"rttpg_category":"<a href=\"https:\/\/livingmultimediosde.net.ar\/INDEX\/category\/interes-general\/\" rel=\"category tag\">INTERES GENERAL<\/a>","rttpg_excerpt":"Los precios de los agroalimentos se multiplicaron 3,1 veces del campo a la g\u00f3ndola durante julio, seg\u00fan revel\u00f3 el \u00cdndice de Precios en Origen y Destino (IPOD) elaborado por el sector de Econom\u00edas Regionales de la Confederaci\u00f3n Argentina de la Mediana Empresa (CAME). De esta manera, el consumidor pag\u00f3 $3,1 por cada $1 que recibi\u00f3&hellip;","_links":{"self":[{"href":"https:\/\/livingmultimediosde.net.ar\/INDEX\/wp-json\/wp\/v2\/posts\/10397","targetHints":{"allow":["GET"]}}],"collection":[{"href":"https:\/\/livingmultimediosde.net.ar\/INDEX\/wp-json\/wp\/v2\/posts"}],"about":[{"href":"https:\/\/livingmultimediosde.net.ar\/INDEX\/wp-json\/wp\/v2\/types\/post"}],"author":[{"embeddable":true,"href":"https:\/\/livingmultimediosde.net.ar\/INDEX\/wp-json\/wp\/v2\/users\/1"}],"replies":[{"embeddable":true,"href":"https:\/\/livingmultimediosde.net.ar\/INDEX\/wp-json\/wp\/v2\/comments?post=10397"}],"version-history":[{"count":1,"href":"https:\/\/livingmultimediosde.net.ar\/INDEX\/wp-json\/wp\/v2\/posts\/10397\/revisions"}],"predecessor-version":[{"id":10399,"href":"https:\/\/livingmultimediosde.net.ar\/INDEX\/wp-json\/wp\/v2\/posts\/10397\/revisions\/10399"}],"wp:attachment":[{"href":"https:\/\/livingmultimediosde.net.ar\/INDEX\/wp-json\/wp\/v2\/media?parent=10397"}],"wp:term":[{"taxonomy":"category","embeddable":true,"href":"https:\/\/livingmultimediosde.net.ar\/INDEX\/wp-json\/wp\/v2\/categories?post=10397"},{"taxonomy":"post_tag","embeddable":true,"href":"https:\/\/livingmultimediosde.net.ar\/INDEX\/wp-json\/wp\/v2\/tags?post=10397"}],"curies":[{"name":"wp","href":"https:\/\/api.w.org\/{rel}","templated":true}]}}