{"id":10389,"date":"2024-08-12T05:41:27","date_gmt":"2024-08-12T05:41:27","guid":{"rendered":"https:\/\/livingmultimediosde.net.ar\/INDEX\/?p=10389"},"modified":"2024-08-12T05:41:31","modified_gmt":"2024-08-12T05:41:31","slug":"calidad-de-vida-de-la-municipalidad-llevara-adelante-su-programa-de-fumigaciones-esta-semana","status":"publish","type":"post","link":"https:\/\/livingmultimediosde.net.ar\/INDEX\/2024\/08\/calidad-de-vida-de-la-municipalidad-llevara-adelante-su-programa-de-fumigaciones-esta-semana\/","title":{"rendered":"Calidad de Vida de la Municipalidad llevar\u00e1 adelante su programa de fumigaciones esta semana"},"content":{"rendered":"\n<p class=\"wp-block-paragraph\">La Capital, a trav\u00e9s de la Direcci\u00f3n de Calidad de Vida, contin\u00faa con su cronograma de fumigaciones contra mosquitos y otros insectos con alcance en distintos barrios.<br>Las tareas comenzar\u00e1n este lunes 12, en los barrios El Vinalar, Smata, Santa Luc\u00eda e Industria.<br>El martes ser\u00e1 el turno de los barrios Siglo XX, Siglo XXI, Saint Germ\u00e9s y Juan D\u00edaz de Sol\u00eds.<br>El mi\u00e9rcoles se trabajar\u00e1 en los barrios Ej\u00e9rcito Argentino, Am\u00e9rica del Sur y Campo Contreras.<br>El jueves las pulverizaciones se llevar\u00e1n adelante en los barrios Juramento, Tradici\u00f3n y Los Inmigrantes.<br>El viernes las fumigaciones se realizar\u00e1n en los barrios Sarmiento, Ram\u00f3n Carrillo y Primera Junta.<\/p>\n","protected":false},"excerpt":{"rendered":"<p>La Capital, a trav\u00e9s de la Direcci\u00f3n de Calidad de Vida, contin\u00faa con su cronograma de fumigaciones contra mosquitos y otros insectos con alcance en distintos barrios.Las tareas comenzar\u00e1n este lunes 12, en los barrios El Vinalar, Smata, Santa Luc\u00eda e Industria.El martes ser\u00e1 el turno de los barrios Siglo XX, Siglo XXI, Saint Germ\u00e9s y Juan D\u00edaz de Sol\u00eds.El mi\u00e9rcoles se trabajar\u00e1 en los barrios Ej\u00e9rcito Argentino, Am\u00e9rica del Sur y Campo Contreras.El jueves las pulverizaciones se llevar\u00e1n adelante en los barrios Juramento, Tradici\u00f3n y Los Inmigrantes.El viernes las&hellip;<\/p>\n","protected":false},"author":1,"featured_media":0,"comment_status":"open","ping_status":"closed","sticky":false,"template":"","format":"standard","meta":{"footnotes":""},"categories":[1],"tags":[],"class_list":["post-10389","post","type-post","status-publish","format-standard","hentry","category-uncategorized"],"rttpg_featured_image_url":null,"rttpg_author":{"display_name":"rober","author_link":"https:\/\/livingmultimediosde.net.ar\/INDEX\/author\/rober\/"},"rttpg_comment":0,"rttpg_category":"<a href=\"https:\/\/livingmultimediosde.net.ar\/INDEX\/category\/uncategorized\/\" rel=\"category tag\">Uncategorized<\/a>","rttpg_excerpt":"La Capital, a trav\u00e9s de la Direcci\u00f3n de Calidad de Vida, contin\u00faa con su cronograma de fumigaciones contra mosquitos y otros insectos con alcance en distintos barrios.Las tareas comenzar\u00e1n este lunes 12, en los barrios El Vinalar, Smata, Santa Luc\u00eda e Industria.El martes ser\u00e1 el turno de los barrios Siglo XX, Siglo XXI, Saint Germ\u00e9s&hellip;","_links":{"self":[{"href":"https:\/\/livingmultimediosde.net.ar\/INDEX\/wp-json\/wp\/v2\/posts\/10389","targetHints":{"allow":["GET"]}}],"collection":[{"href":"https:\/\/livingmultimediosde.net.ar\/INDEX\/wp-json\/wp\/v2\/posts"}],"about":[{"href":"https:\/\/livingmultimediosde.net.ar\/INDEX\/wp-json\/wp\/v2\/types\/post"}],"author":[{"embeddable":true,"href":"https:\/\/livingmultimediosde.net.ar\/INDEX\/wp-json\/wp\/v2\/users\/1"}],"replies":[{"embeddable":true,"href":"https:\/\/livingmultimediosde.net.ar\/INDEX\/wp-json\/wp\/v2\/comments?post=10389"}],"version-history":[{"count":1,"href":"https:\/\/livingmultimediosde.net.ar\/INDEX\/wp-json\/wp\/v2\/posts\/10389\/revisions"}],"predecessor-version":[{"id":10390,"href":"https:\/\/livingmultimediosde.net.ar\/INDEX\/wp-json\/wp\/v2\/posts\/10389\/revisions\/10390"}],"wp:attachment":[{"href":"https:\/\/livingmultimediosde.net.ar\/INDEX\/wp-json\/wp\/v2\/media?parent=10389"}],"wp:term":[{"taxonomy":"category","embeddable":true,"href":"https:\/\/livingmultimediosde.net.ar\/INDEX\/wp-json\/wp\/v2\/categories?post=10389"},{"taxonomy":"post_tag","embeddable":true,"href":"https:\/\/livingmultimediosde.net.ar\/INDEX\/wp-json\/wp\/v2\/tags?post=10389"}],"curies":[{"name":"wp","href":"https:\/\/api.w.org\/{rel}","templated":true}]}}