{"id":10386,"date":"2024-08-11T01:38:11","date_gmt":"2024-08-11T01:38:11","guid":{"rendered":"https:\/\/livingmultimediosde.net.ar\/INDEX\/?p=10386"},"modified":"2024-08-11T01:38:14","modified_gmt":"2024-08-11T01:38:14","slug":"nuevas-plantaciones-de-arboles-y-arbustos-en-el-paseo-octavio-gauna","status":"publish","type":"post","link":"https:\/\/livingmultimediosde.net.ar\/INDEX\/2024\/08\/nuevas-plantaciones-de-arboles-y-arbustos-en-el-paseo-octavio-gauna\/","title":{"rendered":"Nuevas plantaciones de \u00e1rboles y arbustos en el Paseo Octavio Gauna"},"content":{"rendered":"\n<p class=\"wp-block-paragraph\">La Capital, dentro de su plan de mejoras de espacios verdes, inici\u00f3 la plantaci\u00f3n de arbustos ornamentales en el Paseo Octavio Gauna, a la altura del barrio Ej\u00e9rcito Argentino, en el acceso sur de la ciudad.<br>Empleados de la Direcci\u00f3n de Parques y Paseos colocar\u00e1n m\u00e1s de 350 ejemplares de granados de jard\u00edn en el mencionado espacio verde, que servir\u00e1n como una barrera forestal que separar\u00e1 los juegos infantiles de la avenida Belgrano.<br>Adem\u00e1s habr\u00e1 reposici\u00f3n de \u00e1rboles que no lograron crecer y tambi\u00e9n se colocar\u00e1n nuevos ejemplares para otorgar sombra.<br>De esta manera, se otorgar\u00e1 m\u00e1s verde y vegetaci\u00f3n a ese emblem\u00e1tico espacio p\u00fablico.<\/p>\n","protected":false},"excerpt":{"rendered":"<p>La Capital, dentro de su plan de mejoras de espacios verdes, inici\u00f3 la plantaci\u00f3n de arbustos ornamentales en el Paseo Octavio Gauna, a la altura del barrio Ej\u00e9rcito Argentino, en el acceso sur de la ciudad.Empleados de la Direcci\u00f3n de Parques y Paseos colocar\u00e1n m\u00e1s de 350 ejemplares de granados de jard\u00edn en el mencionado espacio verde, que servir\u00e1n como una barrera forestal que separar\u00e1 los juegos infantiles de la avenida Belgrano.Adem\u00e1s habr\u00e1 reposici\u00f3n de \u00e1rboles que no lograron crecer y tambi\u00e9n se colocar\u00e1n nuevos ejemplares para otorgar sombra.De esta&hellip;<\/p>\n","protected":false},"author":1,"featured_media":0,"comment_status":"open","ping_status":"closed","sticky":false,"template":"","format":"standard","meta":{"footnotes":""},"categories":[1],"tags":[],"class_list":["post-10386","post","type-post","status-publish","format-standard","hentry","category-uncategorized"],"rttpg_featured_image_url":null,"rttpg_author":{"display_name":"rober","author_link":"https:\/\/livingmultimediosde.net.ar\/INDEX\/author\/rober\/"},"rttpg_comment":0,"rttpg_category":"<a href=\"https:\/\/livingmultimediosde.net.ar\/INDEX\/category\/uncategorized\/\" rel=\"category tag\">Uncategorized<\/a>","rttpg_excerpt":"La Capital, dentro de su plan de mejoras de espacios verdes, inici\u00f3 la plantaci\u00f3n de arbustos ornamentales en el Paseo Octavio Gauna, a la altura del barrio Ej\u00e9rcito Argentino, en el acceso sur de la ciudad.Empleados de la Direcci\u00f3n de Parques y Paseos colocar\u00e1n m\u00e1s de 350 ejemplares de granados de jard\u00edn en el mencionado&hellip;","_links":{"self":[{"href":"https:\/\/livingmultimediosde.net.ar\/INDEX\/wp-json\/wp\/v2\/posts\/10386","targetHints":{"allow":["GET"]}}],"collection":[{"href":"https:\/\/livingmultimediosde.net.ar\/INDEX\/wp-json\/wp\/v2\/posts"}],"about":[{"href":"https:\/\/livingmultimediosde.net.ar\/INDEX\/wp-json\/wp\/v2\/types\/post"}],"author":[{"embeddable":true,"href":"https:\/\/livingmultimediosde.net.ar\/INDEX\/wp-json\/wp\/v2\/users\/1"}],"replies":[{"embeddable":true,"href":"https:\/\/livingmultimediosde.net.ar\/INDEX\/wp-json\/wp\/v2\/comments?post=10386"}],"version-history":[{"count":1,"href":"https:\/\/livingmultimediosde.net.ar\/INDEX\/wp-json\/wp\/v2\/posts\/10386\/revisions"}],"predecessor-version":[{"id":10388,"href":"https:\/\/livingmultimediosde.net.ar\/INDEX\/wp-json\/wp\/v2\/posts\/10386\/revisions\/10388"}],"wp:attachment":[{"href":"https:\/\/livingmultimediosde.net.ar\/INDEX\/wp-json\/wp\/v2\/media?parent=10386"}],"wp:term":[{"taxonomy":"category","embeddable":true,"href":"https:\/\/livingmultimediosde.net.ar\/INDEX\/wp-json\/wp\/v2\/categories?post=10386"},{"taxonomy":"post_tag","embeddable":true,"href":"https:\/\/livingmultimediosde.net.ar\/INDEX\/wp-json\/wp\/v2\/tags?post=10386"}],"curies":[{"name":"wp","href":"https:\/\/api.w.org\/{rel}","templated":true}]}}