{"id":10383,"date":"2024-08-10T22:04:25","date_gmt":"2024-08-10T22:04:25","guid":{"rendered":"https:\/\/livingmultimediosde.net.ar\/INDEX\/?p=10383"},"modified":"2024-08-10T22:04:27","modified_gmt":"2024-08-10T22:04:27","slug":"comenzo-en-el-autodromo-provincial-una-nueva-edicion-del-800-km-termas-gp","status":"publish","type":"post","link":"https:\/\/livingmultimediosde.net.ar\/INDEX\/2024\/08\/comenzo-en-el-autodromo-provincial-una-nueva-edicion-del-800-km-termas-gp\/","title":{"rendered":"COMENZ\u00d3 EN EL AUT\u00d3DROMO PROVINCIAL UNA NUEVA EDICI\u00d3N DEL 800 KM TERMAS GP"},"content":{"rendered":"\n<p class=\"wp-block-paragraph\">Con m\u00e1s de 50 motos en pista arranc\u00f3 la d\u00e9cima edici\u00f3n del 800Km Termas GP, que se desarrollar\u00e1 hasta ma\u00f1ana en el Circuito Internacional de Las Termas de R\u00edo Hondo.<br>Durante este viernes pilotos de diversas ciudades del pa\u00eds realizaron las pruebas en tandas de Endurance por categor\u00edas y Track Day.<br>Cabe destacar que se ha dispuesto que el ingreso para el p\u00fablico sea de manera libre y gratuita al sector Premium, en las tribunas contiguas al Museo del Autom\u00f3vil, el acceso se podr\u00e1 hacer cualquiera de los tres d\u00edas por la puerta N\u00b01.<\/p>\n","protected":false},"excerpt":{"rendered":"<p>Con m\u00e1s de 50 motos en pista arranc\u00f3 la d\u00e9cima edici\u00f3n del 800Km Termas GP, que se desarrollar\u00e1 hasta ma\u00f1ana en el Circuito Internacional de Las Termas de R\u00edo Hondo.Durante este viernes pilotos de diversas ciudades del pa\u00eds realizaron las pruebas en tandas de Endurance por categor\u00edas y Track Day.Cabe destacar que se ha dispuesto que el ingreso para el p\u00fablico sea de manera libre y gratuita al sector Premium, en las tribunas contiguas al Museo del Autom\u00f3vil, el acceso se podr\u00e1 hacer cualquiera de los tres d\u00edas por la&hellip;<\/p>\n","protected":false},"author":1,"featured_media":0,"comment_status":"open","ping_status":"closed","sticky":false,"template":"","format":"standard","meta":{"footnotes":""},"categories":[1],"tags":[],"class_list":["post-10383","post","type-post","status-publish","format-standard","hentry","category-uncategorized"],"rttpg_featured_image_url":null,"rttpg_author":{"display_name":"rober","author_link":"https:\/\/livingmultimediosde.net.ar\/INDEX\/author\/rober\/"},"rttpg_comment":0,"rttpg_category":"<a href=\"https:\/\/livingmultimediosde.net.ar\/INDEX\/category\/uncategorized\/\" rel=\"category tag\">Uncategorized<\/a>","rttpg_excerpt":"Con m\u00e1s de 50 motos en pista arranc\u00f3 la d\u00e9cima edici\u00f3n del 800Km Termas GP, que se desarrollar\u00e1 hasta ma\u00f1ana en el Circuito Internacional de Las Termas de R\u00edo Hondo.Durante este viernes pilotos de diversas ciudades del pa\u00eds realizaron las pruebas en tandas de Endurance por categor\u00edas y Track Day.Cabe destacar que se ha dispuesto&hellip;","_links":{"self":[{"href":"https:\/\/livingmultimediosde.net.ar\/INDEX\/wp-json\/wp\/v2\/posts\/10383","targetHints":{"allow":["GET"]}}],"collection":[{"href":"https:\/\/livingmultimediosde.net.ar\/INDEX\/wp-json\/wp\/v2\/posts"}],"about":[{"href":"https:\/\/livingmultimediosde.net.ar\/INDEX\/wp-json\/wp\/v2\/types\/post"}],"author":[{"embeddable":true,"href":"https:\/\/livingmultimediosde.net.ar\/INDEX\/wp-json\/wp\/v2\/users\/1"}],"replies":[{"embeddable":true,"href":"https:\/\/livingmultimediosde.net.ar\/INDEX\/wp-json\/wp\/v2\/comments?post=10383"}],"version-history":[{"count":1,"href":"https:\/\/livingmultimediosde.net.ar\/INDEX\/wp-json\/wp\/v2\/posts\/10383\/revisions"}],"predecessor-version":[{"id":10385,"href":"https:\/\/livingmultimediosde.net.ar\/INDEX\/wp-json\/wp\/v2\/posts\/10383\/revisions\/10385"}],"wp:attachment":[{"href":"https:\/\/livingmultimediosde.net.ar\/INDEX\/wp-json\/wp\/v2\/media?parent=10383"}],"wp:term":[{"taxonomy":"category","embeddable":true,"href":"https:\/\/livingmultimediosde.net.ar\/INDEX\/wp-json\/wp\/v2\/categories?post=10383"},{"taxonomy":"post_tag","embeddable":true,"href":"https:\/\/livingmultimediosde.net.ar\/INDEX\/wp-json\/wp\/v2\/tags?post=10383"}],"curies":[{"name":"wp","href":"https:\/\/api.w.org\/{rel}","templated":true}]}}