{"id":10380,"date":"2024-08-10T18:54:18","date_gmt":"2024-08-10T18:54:18","guid":{"rendered":"https:\/\/livingmultimediosde.net.ar\/INDEX\/?p=10380"},"modified":"2024-08-10T18:54:21","modified_gmt":"2024-08-10T18:54:21","slug":"desarrollo-comunitario-de-la-capital-lanzara-un-nuevo-ciclo-de-capacitaciones-para-emprendedores","status":"publish","type":"post","link":"https:\/\/livingmultimediosde.net.ar\/INDEX\/2024\/08\/desarrollo-comunitario-de-la-capital-lanzara-un-nuevo-ciclo-de-capacitaciones-para-emprendedores\/","title":{"rendered":"Desarrollo Comunitario de la Capital lanzar\u00e1 un nuevo ciclo de capacitaciones para emprendedores"},"content":{"rendered":"\n<p class=\"wp-block-paragraph\">La Municipalidad de la Capital organizar\u00e1 un nuevo ciclo de capacitaciones gratuitas para emprendedores organizado por la Direcci\u00f3n de Desarrollo Social y Comunitario, que comenzar\u00e1 el pr\u00f3ximo viernes 23 a las 17 horas en el SUM del Parque Oeste.<br>En la capacitaci\u00f3n se abordar\u00e1n tem\u00e1ticas que ayuden a potenciar el desarrollo de sus emprendimientos, como t\u00e9cnicas de venta e impacto en el mercado, optimizaci\u00f3n del marketing tradicional, control y reducci\u00f3n de costos, perfeccionamiento de la imagen de stands y normas de seguridad e higiene, entre otras.<br>Se trata de formaciones fundamentales para fortalecer las habilidades y conocimientos de los emprendedores locales, que les permitir\u00e1n incrementar sus ventas y posicionamiento en el mercado, crear una marca s\u00f3lida y confiable, reducir costos innecesarios y maximizar ganancias, presentar productos de manera atractiva y profesional e implementar pr\u00e1cticas seguras e higi\u00e9nicas en sus actividades diarias.<br>Los interesados en participar pueden comunicarse al tel\u00e9fono 3855146384 o dirigirse a Absal\u00f3n Rojas 248.<\/p>\n","protected":false},"excerpt":{"rendered":"<p>La Municipalidad de la Capital organizar\u00e1 un nuevo ciclo de capacitaciones gratuitas para emprendedores organizado por la Direcci\u00f3n de Desarrollo Social y Comunitario, que comenzar\u00e1 el pr\u00f3ximo viernes 23 a las 17 horas en el SUM del Parque Oeste.En la capacitaci\u00f3n se abordar\u00e1n tem\u00e1ticas que ayuden a potenciar el desarrollo de sus emprendimientos, como t\u00e9cnicas de venta e impacto en el mercado, optimizaci\u00f3n del marketing tradicional, control y reducci\u00f3n de costos, perfeccionamiento de la imagen de stands y normas de seguridad e higiene, entre otras.Se trata de formaciones fundamentales para&hellip;<\/p>\n","protected":false},"author":1,"featured_media":0,"comment_status":"open","ping_status":"closed","sticky":false,"template":"","format":"standard","meta":{"footnotes":""},"categories":[1],"tags":[],"class_list":["post-10380","post","type-post","status-publish","format-standard","hentry","category-uncategorized"],"rttpg_featured_image_url":null,"rttpg_author":{"display_name":"rober","author_link":"https:\/\/livingmultimediosde.net.ar\/INDEX\/author\/rober\/"},"rttpg_comment":0,"rttpg_category":"<a href=\"https:\/\/livingmultimediosde.net.ar\/INDEX\/category\/uncategorized\/\" rel=\"category tag\">Uncategorized<\/a>","rttpg_excerpt":"La Municipalidad de la Capital organizar\u00e1 un nuevo ciclo de capacitaciones gratuitas para emprendedores organizado por la Direcci\u00f3n de Desarrollo Social y Comunitario, que comenzar\u00e1 el pr\u00f3ximo viernes 23 a las 17 horas en el SUM del Parque Oeste.En la capacitaci\u00f3n se abordar\u00e1n tem\u00e1ticas que ayuden a potenciar el desarrollo de sus emprendimientos, como t\u00e9cnicas&hellip;","_links":{"self":[{"href":"https:\/\/livingmultimediosde.net.ar\/INDEX\/wp-json\/wp\/v2\/posts\/10380","targetHints":{"allow":["GET"]}}],"collection":[{"href":"https:\/\/livingmultimediosde.net.ar\/INDEX\/wp-json\/wp\/v2\/posts"}],"about":[{"href":"https:\/\/livingmultimediosde.net.ar\/INDEX\/wp-json\/wp\/v2\/types\/post"}],"author":[{"embeddable":true,"href":"https:\/\/livingmultimediosde.net.ar\/INDEX\/wp-json\/wp\/v2\/users\/1"}],"replies":[{"embeddable":true,"href":"https:\/\/livingmultimediosde.net.ar\/INDEX\/wp-json\/wp\/v2\/comments?post=10380"}],"version-history":[{"count":1,"href":"https:\/\/livingmultimediosde.net.ar\/INDEX\/wp-json\/wp\/v2\/posts\/10380\/revisions"}],"predecessor-version":[{"id":10382,"href":"https:\/\/livingmultimediosde.net.ar\/INDEX\/wp-json\/wp\/v2\/posts\/10380\/revisions\/10382"}],"wp:attachment":[{"href":"https:\/\/livingmultimediosde.net.ar\/INDEX\/wp-json\/wp\/v2\/media?parent=10380"}],"wp:term":[{"taxonomy":"category","embeddable":true,"href":"https:\/\/livingmultimediosde.net.ar\/INDEX\/wp-json\/wp\/v2\/categories?post=10380"},{"taxonomy":"post_tag","embeddable":true,"href":"https:\/\/livingmultimediosde.net.ar\/INDEX\/wp-json\/wp\/v2\/tags?post=10380"}],"curies":[{"name":"wp","href":"https:\/\/api.w.org\/{rel}","templated":true}]}}