{"id":10377,"date":"2024-08-10T18:51:13","date_gmt":"2024-08-10T18:51:13","guid":{"rendered":"https:\/\/livingmultimediosde.net.ar\/INDEX\/?p=10377"},"modified":"2024-08-10T18:51:16","modified_gmt":"2024-08-10T18:51:16","slug":"la-municipalidad-inicio-la-plantacion-de-mas-de-2800-arboles-en-el-barrio-caceres","status":"publish","type":"post","link":"https:\/\/livingmultimediosde.net.ar\/INDEX\/2024\/08\/la-municipalidad-inicio-la-plantacion-de-mas-de-2800-arboles-en-el-barrio-caceres\/","title":{"rendered":"La Municipalidad inici\u00f3 la plantaci\u00f3n de m\u00e1s de 2800 \u00e1rboles en el barrio C\u00e1ceres"},"content":{"rendered":"\n<p class=\"wp-block-paragraph\">Continuando con el programa de arbolado urbano, la Municipalidad de la Capital comenz\u00f3 la plantaci\u00f3n de nuevos ejemplares en el barrio C\u00e1ceres, donde se prev\u00e9 colocar m\u00e1s de 2800 \u00e1rboles.<br>Empleados de la Direcci\u00f3n de Parques y Paseos empezaron a plantar especies como mora h\u00edbridas, para\u00edsos, tevetias, ligustros, entre otros.<br>De esta manera se avanza con la campa\u00f1a de reforestaci\u00f3n que se desarrolla sin interrupciones.<br>Cabe resaltar que id\u00e9nticos operativos concretaron en los barrios Primera Junta, Col\u00f3n, Mariano Moreno, Juan Felipe Ibarra, General Paz, entre otros.<\/p>\n","protected":false},"excerpt":{"rendered":"<p>Continuando con el programa de arbolado urbano, la Municipalidad de la Capital comenz\u00f3 la plantaci\u00f3n de nuevos ejemplares en el barrio C\u00e1ceres, donde se prev\u00e9 colocar m\u00e1s de 2800 \u00e1rboles.Empleados de la Direcci\u00f3n de Parques y Paseos empezaron a plantar especies como mora h\u00edbridas, para\u00edsos, tevetias, ligustros, entre otros.De esta manera se avanza con la campa\u00f1a de reforestaci\u00f3n que se desarrolla sin interrupciones.Cabe resaltar que id\u00e9nticos operativos concretaron en los barrios Primera Junta, Col\u00f3n, Mariano Moreno, Juan Felipe Ibarra, General Paz, entre otros.<\/p>\n","protected":false},"author":1,"featured_media":0,"comment_status":"open","ping_status":"closed","sticky":false,"template":"","format":"standard","meta":{"footnotes":""},"categories":[1],"tags":[],"class_list":["post-10377","post","type-post","status-publish","format-standard","hentry","category-uncategorized"],"rttpg_featured_image_url":null,"rttpg_author":{"display_name":"rober","author_link":"https:\/\/livingmultimediosde.net.ar\/INDEX\/author\/rober\/"},"rttpg_comment":0,"rttpg_category":"<a href=\"https:\/\/livingmultimediosde.net.ar\/INDEX\/category\/uncategorized\/\" rel=\"category tag\">Uncategorized<\/a>","rttpg_excerpt":"Continuando con el programa de arbolado urbano, la Municipalidad de la Capital comenz\u00f3 la plantaci\u00f3n de nuevos ejemplares en el barrio C\u00e1ceres, donde se prev\u00e9 colocar m\u00e1s de 2800 \u00e1rboles.Empleados de la Direcci\u00f3n de Parques y Paseos empezaron a plantar especies como mora h\u00edbridas, para\u00edsos, tevetias, ligustros, entre otros.De esta manera se avanza con la&hellip;","_links":{"self":[{"href":"https:\/\/livingmultimediosde.net.ar\/INDEX\/wp-json\/wp\/v2\/posts\/10377","targetHints":{"allow":["GET"]}}],"collection":[{"href":"https:\/\/livingmultimediosde.net.ar\/INDEX\/wp-json\/wp\/v2\/posts"}],"about":[{"href":"https:\/\/livingmultimediosde.net.ar\/INDEX\/wp-json\/wp\/v2\/types\/post"}],"author":[{"embeddable":true,"href":"https:\/\/livingmultimediosde.net.ar\/INDEX\/wp-json\/wp\/v2\/users\/1"}],"replies":[{"embeddable":true,"href":"https:\/\/livingmultimediosde.net.ar\/INDEX\/wp-json\/wp\/v2\/comments?post=10377"}],"version-history":[{"count":1,"href":"https:\/\/livingmultimediosde.net.ar\/INDEX\/wp-json\/wp\/v2\/posts\/10377\/revisions"}],"predecessor-version":[{"id":10379,"href":"https:\/\/livingmultimediosde.net.ar\/INDEX\/wp-json\/wp\/v2\/posts\/10377\/revisions\/10379"}],"wp:attachment":[{"href":"https:\/\/livingmultimediosde.net.ar\/INDEX\/wp-json\/wp\/v2\/media?parent=10377"}],"wp:term":[{"taxonomy":"category","embeddable":true,"href":"https:\/\/livingmultimediosde.net.ar\/INDEX\/wp-json\/wp\/v2\/categories?post=10377"},{"taxonomy":"post_tag","embeddable":true,"href":"https:\/\/livingmultimediosde.net.ar\/INDEX\/wp-json\/wp\/v2\/tags?post=10377"}],"curies":[{"name":"wp","href":"https:\/\/api.w.org\/{rel}","templated":true}]}}