{"id":10374,"date":"2024-08-10T18:45:34","date_gmt":"2024-08-10T18:45:34","guid":{"rendered":"https:\/\/livingmultimediosde.net.ar\/INDEX\/?p=10374"},"modified":"2024-08-10T18:45:36","modified_gmt":"2024-08-10T18:45:36","slug":"el-pj-entre-la-cancelacion-y-un-camino-sinuoso-a-la-reconstruccion","status":"publish","type":"post","link":"https:\/\/livingmultimediosde.net.ar\/INDEX\/2024\/08\/el-pj-entre-la-cancelacion-y-un-camino-sinuoso-a-la-reconstruccion\/","title":{"rendered":"El PJ, entre la cancelaci\u00f3n y un camino sinuoso a la reconstrucci\u00f3n"},"content":{"rendered":"\n<p class=\"wp-block-paragraph\">La denuncia por violencia de g\u00e9nero contra el ex presidente Alberto Fern\u00e1ndez impact\u00f3 de lleno en las dificultades del peronismo para reconstruirse tras la derrota electoral de 2023 y dej\u00f3 al espacio hundido en un mar de incertidumbres.<\/p>\n\n\n\n<p class=\"wp-block-paragraph\">La principal inc\u00f3gnita es c\u00f3mo reconstruirse tras el vendaval medi\u00e1tico y la cancelaci\u00f3n de un dirigente que estaba lejos de ser querido desde hac\u00eda largo tiempo, pero que en los papeles segu\u00eda ejerciendo el poder en el hist\u00f3rico partido.<\/p>\n\n\n\n<p class=\"wp-block-paragraph\">En tiempos de dificultad para construir una alternativa y mientras el PJ parece todav\u00eda no recuperarse del golpe que le dio Javier Milei en noviembre pasado apareci\u00f3 un terremoto de alta escala, que todav\u00eda promete nuevas r\u00e9plicas.<\/p>\n\n\n\n<p class=\"wp-block-paragraph\">Antes de la denuncia, Alberto Fern\u00e1ndez carec\u00eda de poder y representaci\u00f3n dentro del aparato peronista, lo que no quita que su situaci\u00f3n particular afecte de lleno al partido.<\/p>\n\n\n\n<p class=\"wp-block-paragraph\">Dirigentes de distinta cercan\u00eda con el ex presidente en los \u00faltimos tiempos coincidieron en las \u00faltimas horas en que el golpe ser\u00e1 duro para el Justicialismo -al menos a corto plazo- y se<br>deber\u00e1n hacer movimientos precisos si se quiere caminar hacia una recomposici\u00f3n que lo deje medianamente bien parado para 2025.<\/p>\n\n\n\n<p class=\"wp-block-paragraph\">A la sorpresa y el repudio inicial de los referentes del PJ por la denuncia de la ex primera dama Fabiola Ya\u00f1ez se sum\u00f3 r\u00e1pidamente la indignaci\u00f3n por los videos que salieron a la luz entre el ex presidente y la columnista Tamara Pettinato.<\/p>\n\n\n\n<p class=\"wp-block-paragraph\">Si bien entre los pol\u00edticos siempre sobrevuelan los carpetazos y los servicios de inteligencia est\u00e1n a la orden del d\u00eda, puertas adentro del partido se le reprocha a Fern\u00e1ndez haber tenido un<br>baj\u00edsimo sentido de la responsabilidad al ejercer como jefe de Estado.<\/p>\n\n\n\n<p class=\"wp-block-paragraph\">Un presidente con una denuncia por pegarle a una mujer y que, adem\u00e1s, se film\u00f3 en una escena de coqueteo mientras dentro de la misma propiedad se encontraba su pareja es un esc\u00e1ndalo de dimensiones internacionales que ser\u00e1 dif\u00edcil dejar atr\u00e1s.<\/p>\n\n\n\n<p class=\"wp-block-paragraph\">Para no seguir perdiendo terreno, la elecci\u00f3n de 2025 es clave para el PJ, ya que La Libertad Avanza (LLA) no arriesga ninguna banca y desborda de entusiasmo cuando imagina el a\u00f1o pr\u00f3ximo a la luz de los errores ajenos.<\/p>\n\n\n\n<p class=\"wp-block-paragraph\">\u00abPara nosotros el a\u00f1o que viene es todo ganancia. Si logramos acomodar un poco la econom\u00eda y que empiece a llegar plata al bolsillo vamos a volver a sorprender\u00bb, se grafic\u00f3 un dirigente<br>libertario que atiende en Casa Rosada en declaraciones a NA.<\/p>\n","protected":false},"excerpt":{"rendered":"<p>La denuncia por violencia de g\u00e9nero contra el ex presidente Alberto Fern\u00e1ndez impact\u00f3 de lleno en las dificultades del peronismo para reconstruirse tras la derrota electoral de 2023 y dej\u00f3 al espacio hundido en un mar de incertidumbres. La principal inc\u00f3gnita es c\u00f3mo reconstruirse tras el vendaval medi\u00e1tico y la cancelaci\u00f3n de un dirigente que estaba lejos de ser querido desde hac\u00eda largo tiempo, pero que en los papeles segu\u00eda ejerciendo el poder en el hist\u00f3rico partido. En tiempos de dificultad para construir una alternativa y mientras el PJ parece&hellip;<\/p>\n","protected":false},"author":1,"featured_media":0,"comment_status":"open","ping_status":"closed","sticky":false,"template":"","format":"standard","meta":{"footnotes":""},"categories":[4],"tags":[],"class_list":["post-10374","post","type-post","status-publish","format-standard","hentry","category-interes-general"],"rttpg_featured_image_url":null,"rttpg_author":{"display_name":"rober","author_link":"https:\/\/livingmultimediosde.net.ar\/INDEX\/author\/rober\/"},"rttpg_comment":0,"rttpg_category":"<a href=\"https:\/\/livingmultimediosde.net.ar\/INDEX\/category\/interes-general\/\" rel=\"category tag\">INTERES GENERAL<\/a>","rttpg_excerpt":"La denuncia por violencia de g\u00e9nero contra el ex presidente Alberto Fern\u00e1ndez impact\u00f3 de lleno en las dificultades del peronismo para reconstruirse tras la derrota electoral de 2023 y dej\u00f3 al espacio hundido en un mar de incertidumbres. La principal inc\u00f3gnita es c\u00f3mo reconstruirse tras el vendaval medi\u00e1tico y la cancelaci\u00f3n de un dirigente que&hellip;","_links":{"self":[{"href":"https:\/\/livingmultimediosde.net.ar\/INDEX\/wp-json\/wp\/v2\/posts\/10374","targetHints":{"allow":["GET"]}}],"collection":[{"href":"https:\/\/livingmultimediosde.net.ar\/INDEX\/wp-json\/wp\/v2\/posts"}],"about":[{"href":"https:\/\/livingmultimediosde.net.ar\/INDEX\/wp-json\/wp\/v2\/types\/post"}],"author":[{"embeddable":true,"href":"https:\/\/livingmultimediosde.net.ar\/INDEX\/wp-json\/wp\/v2\/users\/1"}],"replies":[{"embeddable":true,"href":"https:\/\/livingmultimediosde.net.ar\/INDEX\/wp-json\/wp\/v2\/comments?post=10374"}],"version-history":[{"count":1,"href":"https:\/\/livingmultimediosde.net.ar\/INDEX\/wp-json\/wp\/v2\/posts\/10374\/revisions"}],"predecessor-version":[{"id":10376,"href":"https:\/\/livingmultimediosde.net.ar\/INDEX\/wp-json\/wp\/v2\/posts\/10374\/revisions\/10376"}],"wp:attachment":[{"href":"https:\/\/livingmultimediosde.net.ar\/INDEX\/wp-json\/wp\/v2\/media?parent=10374"}],"wp:term":[{"taxonomy":"category","embeddable":true,"href":"https:\/\/livingmultimediosde.net.ar\/INDEX\/wp-json\/wp\/v2\/categories?post=10374"},{"taxonomy":"post_tag","embeddable":true,"href":"https:\/\/livingmultimediosde.net.ar\/INDEX\/wp-json\/wp\/v2\/tags?post=10374"}],"curies":[{"name":"wp","href":"https:\/\/api.w.org\/{rel}","templated":true}]}}