{"id":10368,"date":"2024-08-10T18:34:31","date_gmt":"2024-08-10T18:34:31","guid":{"rendered":"https:\/\/livingmultimediosde.net.ar\/INDEX\/?p=10368"},"modified":"2024-08-10T18:34:35","modified_gmt":"2024-08-10T18:34:35","slug":"a-pesar-de-la-suba-en-caba-el-gobierno-apuesta-a-que-la-inflacion-bajo-en-julio","status":"publish","type":"post","link":"https:\/\/livingmultimediosde.net.ar\/INDEX\/2024\/08\/a-pesar-de-la-suba-en-caba-el-gobierno-apuesta-a-que-la-inflacion-bajo-en-julio\/","title":{"rendered":"A pesar de la suba en CABA, el Gobierno apuesta a que la inflaci\u00f3n baj\u00f3 en julio"},"content":{"rendered":"\n<p class=\"wp-block-paragraph\">Agencia Noticias Argentinas<\/p>\n\n\n\n<p class=\"wp-block-paragraph\">A pesar de la suba en CABA, el Gobierno apuesta a que la inflaci\u00f3n baj\u00f3 en julio<br>El INDEC difundir\u00e1 ese dato clave el mi\u00e9rcoles pr\u00f3ximo. Qu\u00e9 dicen cerca del ministro Caputo.<br>s\u00e1bado 10 de agosto de 2024 14:08<br>A pesar de la suba en CABA, el Gobierno apuesta a que la inflaci\u00f3n baj\u00f3 en julio<br>El INDEC difundir\u00e1 el mi\u00e9rcoles pr\u00f3ximo el \u00edndice de inflaci\u00f3n de julio, en medio de la expectativa del Gobierno de que ese indicador clave haya experimentado una baja.<\/p>\n\n\n\n<p class=\"wp-block-paragraph\">En junio el costo de vida hab\u00eda arrojado 4,6%, y el Gobierno aguarda que en julio haya perforado el piso del 4%.<\/p>\n\n\n\n<p class=\"wp-block-paragraph\">La sorpresiva suba que mostr\u00f3 el \u00edndice de costo de vida en la Ciudad de Buenos Aires, que se fue el 5,1%, conspira contra esa posibilidad.<\/p>\n\n\n\n<p class=\"wp-block-paragraph\">El ministro de Econom\u00eda, Luis Caputo, van\u00eda sosteniendo que la inflaci\u00f3n llegar\u00eda al 1% en octubre o noviembre, una proyecci\u00f3n que ahora est\u00e1 en duda.<\/p>\n\n\n\n<p class=\"wp-block-paragraph\">Las consultoras que informan sus proyecciones al Banco Central calcularon que el costo de vida se ubic\u00f3 en el 3,9% en julio.<\/p>\n\n\n\n<p class=\"wp-block-paragraph\">En el caso de C&amp;T Asociados, proyect\u00f3 una variaci\u00f3n de 4,4% para julio.<\/p>\n\n\n\n<p class=\"wp-block-paragraph\">Para Analytica, tambi\u00e9n el costo de vida de julio habr\u00eda rondado el 4%.<\/p>\n\n\n\n<p class=\"wp-block-paragraph\">\u00abDespu\u00e9s de un junio donde la actualizaci\u00f3n de tarifas contribuy\u00f3 a acelerar la nominalidad, en julio la prioridad volvi\u00f3 a ser la inflaci\u00f3n, dej\u00e1ndose de lado la actualizaci\u00f3n de tarifas y aumentando el impuesto a los combustibles en una cuant\u00eda inferior a la estipulada en un primer momento\u00bb, explicaron desde la consultora EcoGo.<\/p>\n\n\n\n<p class=\"wp-block-paragraph\">En el caso ACM, la estimaci\u00f3n del costo de vida de julio ronda el 4,2%.<\/p>\n\n\n\n<p class=\"wp-block-paragraph\">Para Libertad y Progreso, los precios subieron 3,9% promedio.<\/p>\n\n\n\n<p class=\"wp-block-paragraph\">Y para el estudio de Orlando Ferreres y Asociados, se ubic\u00f3 apenas por debajo del 4%.<\/p>\n\n\n\n<p class=\"wp-block-paragraph\">En cambio, el equipo econ\u00f3mico del centro del CESO proyect\u00f3 entre 4% y 4,5% durante julio.<\/p>\n","protected":false},"excerpt":{"rendered":"<p>Agencia Noticias Argentinas A pesar de la suba en CABA, el Gobierno apuesta a que la inflaci\u00f3n baj\u00f3 en julioEl INDEC difundir\u00e1 ese dato clave el mi\u00e9rcoles pr\u00f3ximo. Qu\u00e9 dicen cerca del ministro Caputo.s\u00e1bado 10 de agosto de 2024 14:08A pesar de la suba en CABA, el Gobierno apuesta a que la inflaci\u00f3n baj\u00f3 en julioEl INDEC difundir\u00e1 el mi\u00e9rcoles pr\u00f3ximo el \u00edndice de inflaci\u00f3n de julio, en medio de la expectativa del Gobierno de que ese indicador clave haya experimentado una baja. En junio el costo de vida hab\u00eda&hellip;<\/p>\n","protected":false},"author":1,"featured_media":0,"comment_status":"open","ping_status":"closed","sticky":false,"template":"","format":"standard","meta":{"footnotes":""},"categories":[4],"tags":[],"class_list":["post-10368","post","type-post","status-publish","format-standard","hentry","category-interes-general"],"rttpg_featured_image_url":null,"rttpg_author":{"display_name":"rober","author_link":"https:\/\/livingmultimediosde.net.ar\/INDEX\/author\/rober\/"},"rttpg_comment":0,"rttpg_category":"<a href=\"https:\/\/livingmultimediosde.net.ar\/INDEX\/category\/interes-general\/\" rel=\"category tag\">INTERES GENERAL<\/a>","rttpg_excerpt":"Agencia Noticias Argentinas A pesar de la suba en CABA, el Gobierno apuesta a que la inflaci\u00f3n baj\u00f3 en julioEl INDEC difundir\u00e1 ese dato clave el mi\u00e9rcoles pr\u00f3ximo. Qu\u00e9 dicen cerca del ministro Caputo.s\u00e1bado 10 de agosto de 2024 14:08A pesar de la suba en CABA, el Gobierno apuesta a que la inflaci\u00f3n baj\u00f3 en&hellip;","_links":{"self":[{"href":"https:\/\/livingmultimediosde.net.ar\/INDEX\/wp-json\/wp\/v2\/posts\/10368","targetHints":{"allow":["GET"]}}],"collection":[{"href":"https:\/\/livingmultimediosde.net.ar\/INDEX\/wp-json\/wp\/v2\/posts"}],"about":[{"href":"https:\/\/livingmultimediosde.net.ar\/INDEX\/wp-json\/wp\/v2\/types\/post"}],"author":[{"embeddable":true,"href":"https:\/\/livingmultimediosde.net.ar\/INDEX\/wp-json\/wp\/v2\/users\/1"}],"replies":[{"embeddable":true,"href":"https:\/\/livingmultimediosde.net.ar\/INDEX\/wp-json\/wp\/v2\/comments?post=10368"}],"version-history":[{"count":1,"href":"https:\/\/livingmultimediosde.net.ar\/INDEX\/wp-json\/wp\/v2\/posts\/10368\/revisions"}],"predecessor-version":[{"id":10370,"href":"https:\/\/livingmultimediosde.net.ar\/INDEX\/wp-json\/wp\/v2\/posts\/10368\/revisions\/10370"}],"wp:attachment":[{"href":"https:\/\/livingmultimediosde.net.ar\/INDEX\/wp-json\/wp\/v2\/media?parent=10368"}],"wp:term":[{"taxonomy":"category","embeddable":true,"href":"https:\/\/livingmultimediosde.net.ar\/INDEX\/wp-json\/wp\/v2\/categories?post=10368"},{"taxonomy":"post_tag","embeddable":true,"href":"https:\/\/livingmultimediosde.net.ar\/INDEX\/wp-json\/wp\/v2\/tags?post=10368"}],"curies":[{"name":"wp","href":"https:\/\/api.w.org\/{rel}","templated":true}]}}