{"id":10154,"date":"2024-07-29T06:25:30","date_gmt":"2024-07-29T06:25:30","guid":{"rendered":"https:\/\/livingmultimediosde.net.ar\/INDEX\/?p=10154"},"modified":"2024-07-29T06:25:33","modified_gmt":"2024-07-29T06:25:33","slug":"cultura-de-la-capital-destaco-el-balance-positivo-de-la-feria-artesanal-por-la-convocatoria-multitudinaria","status":"publish","type":"post","link":"https:\/\/livingmultimediosde.net.ar\/INDEX\/2024\/07\/cultura-de-la-capital-destaco-el-balance-positivo-de-la-feria-artesanal-por-la-convocatoria-multitudinaria\/","title":{"rendered":"Cultura de la Capital destac\u00f3 el balance positivo de la feria artesanal por la convocatoria multitudinaria"},"content":{"rendered":"\n<p class=\"wp-block-paragraph\">El director de Cultura de la Capital, Francisco Avenda\u00f1o, destac\u00f3 que despu\u00e9s de 23 d\u00edas de actividad la feria artesanal concluy\u00f3 con un balance positivo, debido a su convocatoria multitudinaria y a la generaci\u00f3n de oportunidades econ\u00f3micas para los emprendedores que participaron.<br>El espacio form\u00f3 parte del mes de celebraciones por los 471 a\u00f1os de la Madre de Ciudades.<br>\u201cEste evento de ejecuci\u00f3n continua ha generado oportunidades laborales para mucha gente que particip\u00f3 en las distintas propuestas de la Feria, alrededor de 600 puestos de artesan\u00eda y producci\u00f3n regional, una importante presencia de espacios institucionales, con una destacada y abundante propuesta gastron\u00f3mica y con un espacio dedicado a las infancias. La Feria fue el punto de encuentro de santiague\u00f1os de toda la provincia y una notable cantidad de turistas\u201d, describi\u00f3.<br>El funcionario detall\u00f3 que el escenario congreg\u00f3 a m\u00e1s de un centenar de artistas santiague\u00f1os de distintos g\u00e9neros, que se dieron cita para compartir su talento y producci\u00f3n musical, que \u201cfue recibido por un p\u00fablico que busca y valora la cultura de nuestra provincia\u201d.<br>\u201cDesde la Direcci\u00f3n de Cultura consideramos sumamente positiva esta edici\u00f3n de la Feria Artesanal en la que adem\u00e1s de la importancia econ\u00f3mica que genera, se ha avanzado de manera notable en la organizaci\u00f3n y el uso del espacio, como as\u00ed tambi\u00e9n en la inclusi\u00f3n de nuevas manifestaciones culturales y propuestas para enriquecer el contenido de este evento tan importante para santiague\u00f1os y turistas\u201d, indic\u00f3.<br>Dijo que en este sentido se estableci\u00f3 la carpa de producci\u00f3n cultural en la que distintas agrupaciones y colectivos culturales pudieron dar muestra de su quehacer y comercializar sus productos, adem\u00e1s de brindar talleres, charlas y lecturas.<\/p>\n","protected":false},"excerpt":{"rendered":"<p>El director de Cultura de la Capital, Francisco Avenda\u00f1o, destac\u00f3 que despu\u00e9s de 23 d\u00edas de actividad la feria artesanal concluy\u00f3 con un balance positivo, debido a su convocatoria multitudinaria y a la generaci\u00f3n de oportunidades econ\u00f3micas para los emprendedores que participaron.El espacio form\u00f3 parte del mes de celebraciones por los 471 a\u00f1os de la Madre de Ciudades.\u201cEste evento de ejecuci\u00f3n continua ha generado oportunidades laborales para mucha gente que particip\u00f3 en las distintas propuestas de la Feria, alrededor de 600 puestos de artesan\u00eda y producci\u00f3n regional, una importante presencia&hellip;<\/p>\n","protected":false},"author":1,"featured_media":0,"comment_status":"open","ping_status":"closed","sticky":false,"template":"","format":"standard","meta":{"footnotes":""},"categories":[1],"tags":[],"class_list":["post-10154","post","type-post","status-publish","format-standard","hentry","category-uncategorized"],"rttpg_featured_image_url":null,"rttpg_author":{"display_name":"rober","author_link":"https:\/\/livingmultimediosde.net.ar\/INDEX\/author\/rober\/"},"rttpg_comment":0,"rttpg_category":"<a href=\"https:\/\/livingmultimediosde.net.ar\/INDEX\/category\/uncategorized\/\" rel=\"category tag\">Uncategorized<\/a>","rttpg_excerpt":"El director de Cultura de la Capital, Francisco Avenda\u00f1o, destac\u00f3 que despu\u00e9s de 23 d\u00edas de actividad la feria artesanal concluy\u00f3 con un balance positivo, debido a su convocatoria multitudinaria y a la generaci\u00f3n de oportunidades econ\u00f3micas para los emprendedores que participaron.El espacio form\u00f3 parte del mes de celebraciones por los 471 a\u00f1os de la&hellip;","_links":{"self":[{"href":"https:\/\/livingmultimediosde.net.ar\/INDEX\/wp-json\/wp\/v2\/posts\/10154","targetHints":{"allow":["GET"]}}],"collection":[{"href":"https:\/\/livingmultimediosde.net.ar\/INDEX\/wp-json\/wp\/v2\/posts"}],"about":[{"href":"https:\/\/livingmultimediosde.net.ar\/INDEX\/wp-json\/wp\/v2\/types\/post"}],"author":[{"embeddable":true,"href":"https:\/\/livingmultimediosde.net.ar\/INDEX\/wp-json\/wp\/v2\/users\/1"}],"replies":[{"embeddable":true,"href":"https:\/\/livingmultimediosde.net.ar\/INDEX\/wp-json\/wp\/v2\/comments?post=10154"}],"version-history":[{"count":1,"href":"https:\/\/livingmultimediosde.net.ar\/INDEX\/wp-json\/wp\/v2\/posts\/10154\/revisions"}],"predecessor-version":[{"id":10156,"href":"https:\/\/livingmultimediosde.net.ar\/INDEX\/wp-json\/wp\/v2\/posts\/10154\/revisions\/10156"}],"wp:attachment":[{"href":"https:\/\/livingmultimediosde.net.ar\/INDEX\/wp-json\/wp\/v2\/media?parent=10154"}],"wp:term":[{"taxonomy":"category","embeddable":true,"href":"https:\/\/livingmultimediosde.net.ar\/INDEX\/wp-json\/wp\/v2\/categories?post=10154"},{"taxonomy":"post_tag","embeddable":true,"href":"https:\/\/livingmultimediosde.net.ar\/INDEX\/wp-json\/wp\/v2\/tags?post=10154"}],"curies":[{"name":"wp","href":"https:\/\/api.w.org\/{rel}","templated":true}]}}