{"id":10151,"date":"2024-07-29T06:22:31","date_gmt":"2024-07-29T06:22:31","guid":{"rendered":"https:\/\/livingmultimediosde.net.ar\/INDEX\/?p=10151"},"modified":"2024-07-29T06:22:33","modified_gmt":"2024-07-29T06:22:33","slug":"el-programa-mis-primeros-1700-dias-entrego-productos-nutricionales-en-el-bo-la-catolica","status":"publish","type":"post","link":"https:\/\/livingmultimediosde.net.ar\/INDEX\/2024\/07\/el-programa-mis-primeros-1700-dias-entrego-productos-nutricionales-en-el-bo-la-catolica\/","title":{"rendered":"El Programa Mis Primeros 1700 D\u00edas entreg\u00f3 productos nutricionales en el B\u00ba La Cat\u00f3lica"},"content":{"rendered":"\n<p class=\"wp-block-paragraph\">En el marco del programa \u201cMis Primeros 1700 d\u00edas\u201d, el Vicegobernador Carlos Silva Neder y el Ministro de Econom\u00eda, Atilio Chara, participaron este s\u00e1bado por la ma\u00f1ana de la entrega de productos nutricionales a mujeres, ni\u00f1os y ni\u00f1as en la sede de \u201cLa Casita del CyAC\u201d, pertenecientes a la Fundaci\u00f3n Conciencia y Acci\u00f3n Ciudadana, ubicada en el barrio La Cat\u00f3lica.<\/p>\n\n\n\n<p class=\"wp-block-paragraph\">Con la presencia del referente del programa, Benjam\u00edn Coria, acompa\u00f1ado por las diputadas provinciales, Cecilia Valdez, Anal\u00eda Ruiz y la licenciada en Nutrici\u00f3n, Mercedes Terrera, se hizo adem\u00e1s una capacitaci\u00f3n a las madres presentes sobre el uso adecuado de estos productos para mejorar la alimentaci\u00f3n de los ni\u00f1os.<\/p>\n\n\n\n<p class=\"wp-block-paragraph\">Esta actividad fue un trabajo en conjunto entre Vicegobernaci\u00f3n, la Fundaci\u00f3n Conciencia y Acci\u00f3n Ciudadana y el programa \u201cMis Primeros 1700 D\u00edas\u201d con el objetivo de beneficiar a sectores vulnerables.<\/p>\n\n\n\n<p class=\"wp-block-paragraph\">El programa tiene como objetivo garantizar que todas las personas tengan acceso a una nutrici\u00f3n adecuada, promoviendo as\u00ed el bienestar f\u00edsico, cognitivo, social y cultural desde los primeros d\u00edas de vida.<\/p>\n\n\n\n<p class=\"wp-block-paragraph\">Esta iniciativa forma parte de las pol\u00edticas p\u00fablicas que impulsa el gobernador Gerardo Zamora para favorecer a diferentes sectores, con un enfoque especial en la salud y el desarrollo infantil.<\/p>\n\n\n\n<p class=\"wp-block-paragraph\">Cabe destacar que \u201cLa Casita del CyAC\u201d es un centro de actividades educativas y de recreaci\u00f3n que tiene una sala anexa de atenci\u00f3n primaria de la salud llamada \u201cCandela\u201d.<\/p>\n\n\n\n<p class=\"wp-block-paragraph\">Durante el encuentro, Coria remarc\u00f3: \u201cEstamos muy contentos, agradecidos de ver a las madres, abuelas, abuelos, ni\u00f1os, ni\u00f1as, que est\u00e1n aqu\u00ed y comunicarles que vamos a seguir con el programa todos los meses, en los primeros diez d\u00edas van a poder pasar ustedes por ac\u00e1, para retirar los nutrientes para cada inscripto, estamos en todos los departamentos de la provincia, m\u00e1s de 60.000 familias, tienen este producto y seguimos anotando y vamos a seguir inscribiendo gente si es necesario, hasta personas de edad, donde hay que cuidar su salud\u201d.<\/p>\n\n\n\n<p class=\"wp-block-paragraph\">Por su parte, la Coordinadora General de la Fundaci\u00f3n Conciencia y Acci\u00f3n Ciudadana, Cecilia Valdez dio \u201ccomo integrante del Cyac me siento orgullosa de tenerlos a todos ustedes\u201d, destac\u00f3 \u201ceste plan nutricional en \u201cLa Casita del Cyac\u201d\u201d y agradeci\u00f3 \u201cel apoyo constante del Ministro de Econom\u00eda, Atilio Chara para poder realizar este tipo de actividades durante todo el a\u00f1o\u201d.<\/p>\n\n\n\n<p class=\"wp-block-paragraph\">Para finalizar, Silva Neder dijo: \u201cEs un alegr\u00eda venir a visitar el barrio La Cat\u00f3lica y tener este contacto con ustedes, agradecer a los miembros de la Fundaci\u00f3n Conciencia y Acci\u00f3n Ciudadana y al programa \u2018Mis primeros 1.700 d\u00edas\u2019 que est\u00e1n comprometidos con los ciudadanos de todo el territorio provincial. En este lugar hay un espacio de contenci\u00f3n hacia los dem\u00e1s, en este barrio donde hay muchas necesidades, ustedes saben que pueden golpear nuestras puertas y buscar una soluci\u00f3n al problema que se pudiera plantear\u201d.<\/p>\n","protected":false},"excerpt":{"rendered":"<p>En el marco del programa \u201cMis Primeros 1700 d\u00edas\u201d, el Vicegobernador Carlos Silva Neder y el Ministro de Econom\u00eda, Atilio Chara, participaron este s\u00e1bado por la ma\u00f1ana de la entrega de productos nutricionales a mujeres, ni\u00f1os y ni\u00f1as en la sede de \u201cLa Casita del CyAC\u201d, pertenecientes a la Fundaci\u00f3n Conciencia y Acci\u00f3n Ciudadana, ubicada en el barrio La Cat\u00f3lica. Con la presencia del referente del programa, Benjam\u00edn Coria, acompa\u00f1ado por las diputadas provinciales, Cecilia Valdez, Anal\u00eda Ruiz y la licenciada en Nutrici\u00f3n, Mercedes Terrera, se hizo adem\u00e1s una capacitaci\u00f3n&hellip;<\/p>\n","protected":false},"author":1,"featured_media":0,"comment_status":"open","ping_status":"closed","sticky":false,"template":"","format":"standard","meta":{"footnotes":""},"categories":[1],"tags":[],"class_list":["post-10151","post","type-post","status-publish","format-standard","hentry","category-uncategorized"],"rttpg_featured_image_url":null,"rttpg_author":{"display_name":"rober","author_link":"https:\/\/livingmultimediosde.net.ar\/INDEX\/author\/rober\/"},"rttpg_comment":0,"rttpg_category":"<a href=\"https:\/\/livingmultimediosde.net.ar\/INDEX\/category\/uncategorized\/\" rel=\"category tag\">Uncategorized<\/a>","rttpg_excerpt":"En el marco del programa \u201cMis Primeros 1700 d\u00edas\u201d, el Vicegobernador Carlos Silva Neder y el Ministro de Econom\u00eda, Atilio Chara, participaron este s\u00e1bado por la ma\u00f1ana de la entrega de productos nutricionales a mujeres, ni\u00f1os y ni\u00f1as en la sede de \u201cLa Casita del CyAC\u201d, pertenecientes a la Fundaci\u00f3n Conciencia y Acci\u00f3n Ciudadana, ubicada&hellip;","_links":{"self":[{"href":"https:\/\/livingmultimediosde.net.ar\/INDEX\/wp-json\/wp\/v2\/posts\/10151","targetHints":{"allow":["GET"]}}],"collection":[{"href":"https:\/\/livingmultimediosde.net.ar\/INDEX\/wp-json\/wp\/v2\/posts"}],"about":[{"href":"https:\/\/livingmultimediosde.net.ar\/INDEX\/wp-json\/wp\/v2\/types\/post"}],"author":[{"embeddable":true,"href":"https:\/\/livingmultimediosde.net.ar\/INDEX\/wp-json\/wp\/v2\/users\/1"}],"replies":[{"embeddable":true,"href":"https:\/\/livingmultimediosde.net.ar\/INDEX\/wp-json\/wp\/v2\/comments?post=10151"}],"version-history":[{"count":1,"href":"https:\/\/livingmultimediosde.net.ar\/INDEX\/wp-json\/wp\/v2\/posts\/10151\/revisions"}],"predecessor-version":[{"id":10153,"href":"https:\/\/livingmultimediosde.net.ar\/INDEX\/wp-json\/wp\/v2\/posts\/10151\/revisions\/10153"}],"wp:attachment":[{"href":"https:\/\/livingmultimediosde.net.ar\/INDEX\/wp-json\/wp\/v2\/media?parent=10151"}],"wp:term":[{"taxonomy":"category","embeddable":true,"href":"https:\/\/livingmultimediosde.net.ar\/INDEX\/wp-json\/wp\/v2\/categories?post=10151"},{"taxonomy":"post_tag","embeddable":true,"href":"https:\/\/livingmultimediosde.net.ar\/INDEX\/wp-json\/wp\/v2\/tags?post=10151"}],"curies":[{"name":"wp","href":"https:\/\/api.w.org\/{rel}","templated":true}]}}