{"id":10138,"date":"2024-07-26T06:00:14","date_gmt":"2024-07-26T06:00:14","guid":{"rendered":"https:\/\/livingmultimediosde.net.ar\/INDEX\/?p=10138"},"modified":"2024-07-26T06:09:13","modified_gmt":"2024-07-26T06:09:13","slug":"una-joven-denuncio-haber-visto-a-loan-en-chaco","status":"publish","type":"post","link":"https:\/\/livingmultimediosde.net.ar\/INDEX\/2024\/07\/una-joven-denuncio-haber-visto-a-loan-en-chaco\/","title":{"rendered":"Una joven denunci\u00f3 haber visto a Loan en Chaco"},"content":{"rendered":"\n<p class=\"wp-block-paragraph\">Una joven de 22 a\u00f1os asegur\u00f3 haber visto en la ciudad chaque\u00f1a de Puerto Vilelas a un ni\u00f1o de caracter\u00edsticas similares a Loan Danilo Pe\u00f1a, el peque\u00f1o de 5 a\u00f1os que desapareci\u00f3 hace 42 d\u00edas en la localidad correntina de 9 de Julio.<\/p>\n\n\n\n<p class=\"wp-block-paragraph\">La persona no identificada denunci\u00f3 que el menor estaba acompa\u00f1ado de una mujer, caminando desde desde el Barrio Cop hacia Paraje Tres Bocas por el terrapl\u00e9n.<\/p>\n\n\n\n<p class=\"wp-block-paragraph\">En este sentido, el jefe de Unidad y otro efectivo concurrieron al lugar en un m\u00f3vil policial a fin de constatar la informaci\u00f3n y recorrer la zona. Sin embargo, el operativo arroj\u00f3 resultados negativos.<\/p>\n\n\n\n<p class=\"wp-block-paragraph\">Por su parte, el sargento Alejandro Vel\u00e1zquez elabor\u00f3 un identikit de la persona que habr\u00eda sido vista por la denunciante, tras la solicitud del Departamento de Trata de Personas.<\/p>\n","protected":false},"excerpt":{"rendered":"<p>Una joven de 22 a\u00f1os asegur\u00f3 haber visto en la ciudad chaque\u00f1a de Puerto Vilelas a un ni\u00f1o de caracter\u00edsticas similares a Loan Danilo Pe\u00f1a, el peque\u00f1o de 5 a\u00f1os que desapareci\u00f3 hace 42 d\u00edas en la localidad correntina de 9 de Julio. La persona no identificada denunci\u00f3 que el menor estaba acompa\u00f1ado de una mujer, caminando desde desde el Barrio Cop hacia Paraje Tres Bocas por el terrapl\u00e9n. En este sentido, el jefe de Unidad y otro efectivo concurrieron al lugar en un m\u00f3vil policial a fin de constatar&hellip;<\/p>\n","protected":false},"author":1,"featured_media":0,"comment_status":"open","ping_status":"closed","sticky":false,"template":"","format":"standard","meta":{"footnotes":""},"categories":[4],"tags":[],"class_list":["post-10138","post","type-post","status-publish","format-standard","hentry","category-interes-general"],"rttpg_featured_image_url":null,"rttpg_author":{"display_name":"rober","author_link":"https:\/\/livingmultimediosde.net.ar\/INDEX\/author\/rober\/"},"rttpg_comment":0,"rttpg_category":"<a href=\"https:\/\/livingmultimediosde.net.ar\/INDEX\/category\/interes-general\/\" rel=\"category tag\">INTERES GENERAL<\/a>","rttpg_excerpt":"Una joven de 22 a\u00f1os asegur\u00f3 haber visto en la ciudad chaque\u00f1a de Puerto Vilelas a un ni\u00f1o de caracter\u00edsticas similares a Loan Danilo Pe\u00f1a, el peque\u00f1o de 5 a\u00f1os que desapareci\u00f3 hace 42 d\u00edas en la localidad correntina de 9 de Julio. La persona no identificada denunci\u00f3 que el menor estaba acompa\u00f1ado de una&hellip;","_links":{"self":[{"href":"https:\/\/livingmultimediosde.net.ar\/INDEX\/wp-json\/wp\/v2\/posts\/10138","targetHints":{"allow":["GET"]}}],"collection":[{"href":"https:\/\/livingmultimediosde.net.ar\/INDEX\/wp-json\/wp\/v2\/posts"}],"about":[{"href":"https:\/\/livingmultimediosde.net.ar\/INDEX\/wp-json\/wp\/v2\/types\/post"}],"author":[{"embeddable":true,"href":"https:\/\/livingmultimediosde.net.ar\/INDEX\/wp-json\/wp\/v2\/users\/1"}],"replies":[{"embeddable":true,"href":"https:\/\/livingmultimediosde.net.ar\/INDEX\/wp-json\/wp\/v2\/comments?post=10138"}],"version-history":[{"count":1,"href":"https:\/\/livingmultimediosde.net.ar\/INDEX\/wp-json\/wp\/v2\/posts\/10138\/revisions"}],"predecessor-version":[{"id":10140,"href":"https:\/\/livingmultimediosde.net.ar\/INDEX\/wp-json\/wp\/v2\/posts\/10138\/revisions\/10140"}],"wp:attachment":[{"href":"https:\/\/livingmultimediosde.net.ar\/INDEX\/wp-json\/wp\/v2\/media?parent=10138"}],"wp:term":[{"taxonomy":"category","embeddable":true,"href":"https:\/\/livingmultimediosde.net.ar\/INDEX\/wp-json\/wp\/v2\/categories?post=10138"},{"taxonomy":"post_tag","embeddable":true,"href":"https:\/\/livingmultimediosde.net.ar\/INDEX\/wp-json\/wp\/v2\/tags?post=10138"}],"curies":[{"name":"wp","href":"https:\/\/api.w.org\/{rel}","templated":true}]}}