{"id":10135,"date":"2024-07-26T05:56:32","date_gmt":"2024-07-26T05:56:32","guid":{"rendered":"https:\/\/livingmultimediosde.net.ar\/INDEX\/?p=10135"},"modified":"2024-07-26T05:56:39","modified_gmt":"2024-07-26T05:56:39","slug":"brasil-confirmo-las-dos-primeras-muertes-en-su-territorio-por-fiebre-de-oropouche","status":"publish","type":"post","link":"https:\/\/livingmultimediosde.net.ar\/INDEX\/2024\/07\/brasil-confirmo-las-dos-primeras-muertes-en-su-territorio-por-fiebre-de-oropouche\/","title":{"rendered":"Brasil confirm\u00f3 las dos primeras muertes en su territorio por fiebre de Oropouche"},"content":{"rendered":"\n<p class=\"wp-block-paragraph\">El Gobierno brasile\u00f1o confirm\u00f3 hoy jueves las dos primeras muertes en su territorio a<br>nivel mundial por la fiebre de Oropouche, de la que \u00abhasta el momento no hab\u00eda relato en la literatura cient\u00edfica mundial sobre la ocurrencia de \u00f3bitos por la enfermedad\u00bb.<\/p>\n\n\n\n<p class=\"wp-block-paragraph\">El Ministerio de Salud precis\u00f3 en un comunicado que las dos v\u00edctimas son mujeres de menos de 30 a\u00f1os radicadas en el interior del estado de Bah\u00eda (noreste), y que \u00abtuvieron se\u00f1ales y s\u00edntomas parecidos a un cuadro de dengue grave\u00bb.<\/p>\n\n\n\n<p class=\"wp-block-paragraph\">Adem\u00e1s, otra posible muerte por fiebre de Oropouche est\u00e1 siendo investigada en el estado de Santa Catarina (sur), as\u00ed como seis posibles casos de transmisi\u00f3n vertical (de madre a hijo) que<br>terminaron con dos \u00f3bitos fetales, un aborto espont\u00e1neo y tres casos de malformaci\u00f3n cognitiva, como microcefalia.<\/p>\n\n\n\n<p class=\"wp-block-paragraph\">De acuerdo con la Organizaci\u00f3n Panamericana de la Salud, la fiebre de Oropouche la transmiten los mosquitos jej\u00e9n (\u00abCulicoides paraensis\u00bb) o \u00abCulex quinquefasciatus\u00bb y sus s\u00edntomas son parecidos a los del dengue, aunque acostumbran a ser de poca gravedad.<\/p>\n\n\n\n<p class=\"wp-block-paragraph\">En lo que va de 2024, seg\u00fan el Ministerio de Salud, se registran en Brasil 7.236 casos de fiebre de Oropouche, principalmente en la regi\u00f3n amaz\u00f3nica.<\/p>\n","protected":false},"excerpt":{"rendered":"<p>El Gobierno brasile\u00f1o confirm\u00f3 hoy jueves las dos primeras muertes en su territorio anivel mundial por la fiebre de Oropouche, de la que \u00abhasta el momento no hab\u00eda relato en la literatura cient\u00edfica mundial sobre la ocurrencia de \u00f3bitos por la enfermedad\u00bb. El Ministerio de Salud precis\u00f3 en un comunicado que las dos v\u00edctimas son mujeres de menos de 30 a\u00f1os radicadas en el interior del estado de Bah\u00eda (noreste), y que \u00abtuvieron se\u00f1ales y s\u00edntomas parecidos a un cuadro de dengue grave\u00bb. Adem\u00e1s, otra posible muerte por fiebre de&hellip;<\/p>\n","protected":false},"author":1,"featured_media":0,"comment_status":"open","ping_status":"closed","sticky":false,"template":"","format":"standard","meta":{"footnotes":""},"categories":[4],"tags":[],"class_list":["post-10135","post","type-post","status-publish","format-standard","hentry","category-interes-general"],"rttpg_featured_image_url":null,"rttpg_author":{"display_name":"rober","author_link":"https:\/\/livingmultimediosde.net.ar\/INDEX\/author\/rober\/"},"rttpg_comment":0,"rttpg_category":"<a href=\"https:\/\/livingmultimediosde.net.ar\/INDEX\/category\/interes-general\/\" rel=\"category tag\">INTERES GENERAL<\/a>","rttpg_excerpt":"El Gobierno brasile\u00f1o confirm\u00f3 hoy jueves las dos primeras muertes en su territorio anivel mundial por la fiebre de Oropouche, de la que \u00abhasta el momento no hab\u00eda relato en la literatura cient\u00edfica mundial sobre la ocurrencia de \u00f3bitos por la enfermedad\u00bb. El Ministerio de Salud precis\u00f3 en un comunicado que las dos v\u00edctimas son&hellip;","_links":{"self":[{"href":"https:\/\/livingmultimediosde.net.ar\/INDEX\/wp-json\/wp\/v2\/posts\/10135","targetHints":{"allow":["GET"]}}],"collection":[{"href":"https:\/\/livingmultimediosde.net.ar\/INDEX\/wp-json\/wp\/v2\/posts"}],"about":[{"href":"https:\/\/livingmultimediosde.net.ar\/INDEX\/wp-json\/wp\/v2\/types\/post"}],"author":[{"embeddable":true,"href":"https:\/\/livingmultimediosde.net.ar\/INDEX\/wp-json\/wp\/v2\/users\/1"}],"replies":[{"embeddable":true,"href":"https:\/\/livingmultimediosde.net.ar\/INDEX\/wp-json\/wp\/v2\/comments?post=10135"}],"version-history":[{"count":1,"href":"https:\/\/livingmultimediosde.net.ar\/INDEX\/wp-json\/wp\/v2\/posts\/10135\/revisions"}],"predecessor-version":[{"id":10137,"href":"https:\/\/livingmultimediosde.net.ar\/INDEX\/wp-json\/wp\/v2\/posts\/10135\/revisions\/10137"}],"wp:attachment":[{"href":"https:\/\/livingmultimediosde.net.ar\/INDEX\/wp-json\/wp\/v2\/media?parent=10135"}],"wp:term":[{"taxonomy":"category","embeddable":true,"href":"https:\/\/livingmultimediosde.net.ar\/INDEX\/wp-json\/wp\/v2\/categories?post=10135"},{"taxonomy":"post_tag","embeddable":true,"href":"https:\/\/livingmultimediosde.net.ar\/INDEX\/wp-json\/wp\/v2\/tags?post=10135"}],"curies":[{"name":"wp","href":"https:\/\/api.w.org\/{rel}","templated":true}]}}