{"id":10123,"date":"2024-07-25T16:24:29","date_gmt":"2024-07-25T16:24:29","guid":{"rendered":"https:\/\/livingmultimediosde.net.ar\/INDEX\/?p=10123"},"modified":"2024-07-25T16:24:31","modified_gmt":"2024-07-25T16:24:31","slug":"zamora-encabezo-el-acto-protocolar-por-los-471-anos-de-la-madre-de-ciudades","status":"publish","type":"post","link":"https:\/\/livingmultimediosde.net.ar\/INDEX\/2024\/07\/zamora-encabezo-el-acto-protocolar-por-los-471-anos-de-la-madre-de-ciudades\/","title":{"rendered":"ZAMORA ENCABEZ\u00d3 EL ACTO PROTOCOLAR POR LOS 471 A\u00d1OS DE LA MADRE DE CIUDADES"},"content":{"rendered":"\n<p class=\"wp-block-paragraph\">Con gran despliegue c\u00edvico militar se desarroll\u00f3 este jueves en el Parque Aguirre la ceremonia oficial por el aniversario de la Madre de Ciudades, encabezada por el gobernador Gerardo Zamora junto con la intendente, Norma Fuentes.<br>Participaron tambi\u00e9n la senadora Claudia de Zamora; el vicegobernador Carlos Silva Neder; el jefe de Gabinete, El\u00edas Su\u00e1rez, adem\u00e1s de ministros, legisladores; representantes del Poder Judicial; de las Fuerzas Armadas e invitados especiales.<br>Tras su saludo a la Agrupaci\u00f3n \u201c25 de Julio\u201c se inici\u00f3 el acto, con la bendici\u00f3n del presbiterio Marcelo Trejo, quien hizo una referencia a las virtudes de Santiago del Estero como una provincia que \u00abno solo camina\u201d, sino que tambi\u00e9n es \u201ccreadora y formadora de caminos\u00bb.<br>Luego se realiz\u00f3 el desfile de las fuerzas de seguridad, instituciones y agrupaciones tradicionalisitas ante una gran concurrencia de vecinos y turistas.<\/p>\n","protected":false},"excerpt":{"rendered":"<p>Con gran despliegue c\u00edvico militar se desarroll\u00f3 este jueves en el Parque Aguirre la ceremonia oficial por el aniversario de la Madre de Ciudades, encabezada por el gobernador Gerardo Zamora junto con la intendente, Norma Fuentes.Participaron tambi\u00e9n la senadora Claudia de Zamora; el vicegobernador Carlos Silva Neder; el jefe de Gabinete, El\u00edas Su\u00e1rez, adem\u00e1s de ministros, legisladores; representantes del Poder Judicial; de las Fuerzas Armadas e invitados especiales.Tras su saludo a la Agrupaci\u00f3n \u201c25 de Julio\u201c se inici\u00f3 el acto, con la bendici\u00f3n del presbiterio Marcelo Trejo, quien hizo una&hellip;<\/p>\n","protected":false},"author":1,"featured_media":0,"comment_status":"open","ping_status":"closed","sticky":false,"template":"","format":"standard","meta":{"footnotes":""},"categories":[1],"tags":[],"class_list":["post-10123","post","type-post","status-publish","format-standard","hentry","category-uncategorized"],"rttpg_featured_image_url":null,"rttpg_author":{"display_name":"rober","author_link":"https:\/\/livingmultimediosde.net.ar\/INDEX\/author\/rober\/"},"rttpg_comment":0,"rttpg_category":"<a href=\"https:\/\/livingmultimediosde.net.ar\/INDEX\/category\/uncategorized\/\" rel=\"category tag\">Uncategorized<\/a>","rttpg_excerpt":"Con gran despliegue c\u00edvico militar se desarroll\u00f3 este jueves en el Parque Aguirre la ceremonia oficial por el aniversario de la Madre de Ciudades, encabezada por el gobernador Gerardo Zamora junto con la intendente, Norma Fuentes.Participaron tambi\u00e9n la senadora Claudia de Zamora; el vicegobernador Carlos Silva Neder; el jefe de Gabinete, El\u00edas Su\u00e1rez, adem\u00e1s de&hellip;","_links":{"self":[{"href":"https:\/\/livingmultimediosde.net.ar\/INDEX\/wp-json\/wp\/v2\/posts\/10123","targetHints":{"allow":["GET"]}}],"collection":[{"href":"https:\/\/livingmultimediosde.net.ar\/INDEX\/wp-json\/wp\/v2\/posts"}],"about":[{"href":"https:\/\/livingmultimediosde.net.ar\/INDEX\/wp-json\/wp\/v2\/types\/post"}],"author":[{"embeddable":true,"href":"https:\/\/livingmultimediosde.net.ar\/INDEX\/wp-json\/wp\/v2\/users\/1"}],"replies":[{"embeddable":true,"href":"https:\/\/livingmultimediosde.net.ar\/INDEX\/wp-json\/wp\/v2\/comments?post=10123"}],"version-history":[{"count":1,"href":"https:\/\/livingmultimediosde.net.ar\/INDEX\/wp-json\/wp\/v2\/posts\/10123\/revisions"}],"predecessor-version":[{"id":10125,"href":"https:\/\/livingmultimediosde.net.ar\/INDEX\/wp-json\/wp\/v2\/posts\/10123\/revisions\/10125"}],"wp:attachment":[{"href":"https:\/\/livingmultimediosde.net.ar\/INDEX\/wp-json\/wp\/v2\/media?parent=10123"}],"wp:term":[{"taxonomy":"category","embeddable":true,"href":"https:\/\/livingmultimediosde.net.ar\/INDEX\/wp-json\/wp\/v2\/categories?post=10123"},{"taxonomy":"post_tag","embeddable":true,"href":"https:\/\/livingmultimediosde.net.ar\/INDEX\/wp-json\/wp\/v2\/tags?post=10123"}],"curies":[{"name":"wp","href":"https:\/\/api.w.org\/{rel}","templated":true}]}}