{"id":10120,"date":"2024-07-25T04:08:37","date_gmt":"2024-07-25T04:08:37","guid":{"rendered":"https:\/\/livingmultimediosde.net.ar\/INDEX\/?p=10120"},"modified":"2024-07-25T04:08:39","modified_gmt":"2024-07-25T04:08:39","slug":"una-multitud-participo-de-la-vigilia-por-el-471-aniversario-de-la-madre-de-ciudades","status":"publish","type":"post","link":"https:\/\/livingmultimediosde.net.ar\/INDEX\/2024\/07\/una-multitud-participo-de-la-vigilia-por-el-471-aniversario-de-la-madre-de-ciudades\/","title":{"rendered":"Una multitud particip\u00f3 de la vigilia por el 471\u00b0 aniversario de la Madre de Ciudades"},"content":{"rendered":"\n<p class=\"wp-block-paragraph\">M\u00e1s 80 mil personas cantaron el \u00abfeliz cumplea\u00f1os\u00bb a la Madre de Ciudades en la vigilia por su 471\u00b0 aniversario, con la presencia del&nbsp;gobernador Gerardo Zamora en el palco del Centro Cultural del Bicentenario, junto con la senadora Claudia de Zamora y la intendente de la Capital, Norma Fuentes.<br>Una verdadera multitud disfrut\u00f3 del imponente espect\u00e1culo art\u00edstico y de fuegos artificiales desde la Plaza Libertad y sus alrededores.<\/p>\n\n\n\n<p class=\"wp-block-paragraph\">Tambi\u00e9n fueron parte de la gran fiesta popular el vicegobernador Carlos Silva Neder; el jefe de Gabinete, El\u00edas Su\u00e1rez, ministros; legisladores nacionales y provinciales; autoridades municipales e invitados especiales.<\/p>\n\n\n\n<p class=\"wp-block-paragraph\">La&nbsp;velada comenz\u00f3 con un texto sobre la tierra quechua, y cont\u00f3 con m\u00e1s de 70 artistas, 35 m\u00fasicos y cantantes, 11 escenas y 32 temas musicales.<\/p>\n\n\n\n<p class=\"wp-block-paragraph\">A la medianoche turistas y vecinos se fundieron en aplausos y corearon al un\u00edsono el \u201cfeliz cumplea\u00f1os\u201d, acompa\u00f1ado de los&nbsp;fuegos artificiales.<\/p>\n\n\n\n<p class=\"wp-block-paragraph\">El espect\u00e1culo final estuvo a cargo del reconocido cantante Bruno Arias y la escenificaci\u00f3n del t\u00edpico patio santiague\u00f1o.<\/p>\n","protected":false},"excerpt":{"rendered":"<p>M\u00e1s 80 mil personas cantaron el \u00abfeliz cumplea\u00f1os\u00bb a la Madre de Ciudades en la vigilia por su 471\u00b0 aniversario, con la presencia del&nbsp;gobernador Gerardo Zamora en el palco del Centro Cultural del Bicentenario, junto con la senadora Claudia de Zamora y la intendente de la Capital, Norma Fuentes.Una verdadera multitud disfrut\u00f3 del imponente espect\u00e1culo art\u00edstico y de fuegos artificiales desde la Plaza Libertad y sus alrededores. Tambi\u00e9n fueron parte de la gran fiesta popular el vicegobernador Carlos Silva Neder; el jefe de Gabinete, El\u00edas Su\u00e1rez, ministros; legisladores nacionales y&hellip;<\/p>\n","protected":false},"author":1,"featured_media":0,"comment_status":"open","ping_status":"closed","sticky":false,"template":"","format":"standard","meta":{"footnotes":""},"categories":[1],"tags":[],"class_list":["post-10120","post","type-post","status-publish","format-standard","hentry","category-uncategorized"],"rttpg_featured_image_url":null,"rttpg_author":{"display_name":"rober","author_link":"https:\/\/livingmultimediosde.net.ar\/INDEX\/author\/rober\/"},"rttpg_comment":0,"rttpg_category":"<a href=\"https:\/\/livingmultimediosde.net.ar\/INDEX\/category\/uncategorized\/\" rel=\"category tag\">Uncategorized<\/a>","rttpg_excerpt":"M\u00e1s 80 mil personas cantaron el \u00abfeliz cumplea\u00f1os\u00bb a la Madre de Ciudades en la vigilia por su 471\u00b0 aniversario, con la presencia del&nbsp;gobernador Gerardo Zamora en el palco del Centro Cultural del Bicentenario, junto con la senadora Claudia de Zamora y la intendente de la Capital, Norma Fuentes.Una verdadera multitud disfrut\u00f3 del imponente espect\u00e1culo&hellip;","_links":{"self":[{"href":"https:\/\/livingmultimediosde.net.ar\/INDEX\/wp-json\/wp\/v2\/posts\/10120","targetHints":{"allow":["GET"]}}],"collection":[{"href":"https:\/\/livingmultimediosde.net.ar\/INDEX\/wp-json\/wp\/v2\/posts"}],"about":[{"href":"https:\/\/livingmultimediosde.net.ar\/INDEX\/wp-json\/wp\/v2\/types\/post"}],"author":[{"embeddable":true,"href":"https:\/\/livingmultimediosde.net.ar\/INDEX\/wp-json\/wp\/v2\/users\/1"}],"replies":[{"embeddable":true,"href":"https:\/\/livingmultimediosde.net.ar\/INDEX\/wp-json\/wp\/v2\/comments?post=10120"}],"version-history":[{"count":1,"href":"https:\/\/livingmultimediosde.net.ar\/INDEX\/wp-json\/wp\/v2\/posts\/10120\/revisions"}],"predecessor-version":[{"id":10122,"href":"https:\/\/livingmultimediosde.net.ar\/INDEX\/wp-json\/wp\/v2\/posts\/10120\/revisions\/10122"}],"wp:attachment":[{"href":"https:\/\/livingmultimediosde.net.ar\/INDEX\/wp-json\/wp\/v2\/media?parent=10120"}],"wp:term":[{"taxonomy":"category","embeddable":true,"href":"https:\/\/livingmultimediosde.net.ar\/INDEX\/wp-json\/wp\/v2\/categories?post=10120"},{"taxonomy":"post_tag","embeddable":true,"href":"https:\/\/livingmultimediosde.net.ar\/INDEX\/wp-json\/wp\/v2\/tags?post=10120"}],"curies":[{"name":"wp","href":"https:\/\/api.w.org\/{rel}","templated":true}]}}