{"id":10105,"date":"2024-07-24T16:30:14","date_gmt":"2024-07-24T16:30:14","guid":{"rendered":"https:\/\/livingmultimediosde.net.ar\/INDEX\/?p=10105"},"modified":"2024-07-24T16:30:17","modified_gmt":"2024-07-24T16:30:17","slug":"femicidio-en-cordoba-minutos-despues-de-descartar-el-cuerpo-el-acusado-hablo-por-telefono-con-la-mama-de-catalina-gutierrez","status":"publish","type":"post","link":"https:\/\/livingmultimediosde.net.ar\/INDEX\/2024\/07\/femicidio-en-cordoba-minutos-despues-de-descartar-el-cuerpo-el-acusado-hablo-por-telefono-con-la-mama-de-catalina-gutierrez\/","title":{"rendered":"Femicidio en C\u00f3rdoba: minutos despu\u00e9s de descartar el cuerpo, el acusado habl\u00f3 por tel\u00e9fono con la mam\u00e1 de Catalina Guti\u00e9rrez"},"content":{"rendered":"\n<p class=\"wp-block-paragraph\">El acusado del femicidio de Catalina Guti\u00e9rrez habl\u00f3 por tel\u00e9fono con la mam\u00e1 de la influencer ocho minutos despu\u00e9s de descartar el cuerpo dentro del auto en una zona descampada de C\u00f3rdoba.<\/p>\n\n\n\n<p class=\"wp-block-paragraph\">Fue el medio El Doce Tv el que mostr\u00f3 las diversas conversaciones que Eleonora Vollenweider mantuvo con N\u00e9stor Soto cuando la familia todav\u00eda cre\u00eda que la estudiante estaba desaparecida, pero el acusado ya la hab\u00eda asesinado.<\/p>\n\n\n\n<p class=\"wp-block-paragraph\">El mi\u00e9rcoles 17 de julio, a las 23.12, el joven de 21 a\u00f1os atendi\u00f3 un llamado de la mam\u00e1 de Catalina y le dijo que no vio a la influencer y que estaba en su casa.<\/p>\n\n\n\n<p class=\"wp-block-paragraph\">Ante la duda, la mujer le envi\u00f3 un mensaje donde le dice que el GPS muestra que Catalina estuvo durante 38 minutos en la zona de su casa.<\/p>\n\n\n\n<p class=\"wp-block-paragraph\">Durante un largo tiempo, de acuerdo a lo dicho por Vollenweider, Soto escrib\u00eda y borraba mensajes, motivo por el cual se realiz\u00f3 un segundo llamado que dur\u00f3 un minuto.<\/p>\n\n\n\n<p class=\"wp-block-paragraph\">En la causa se explaya que all\u00ed el detenido fingi\u00f3 mirar por la ventana y advertirle a la mam\u00e1 de Catalina que el auto de la joven no estaba sobre la calle.<\/p>\n\n\n\n<p class=\"wp-block-paragraph\">Mientras la investigaci\u00f3n contin\u00faa, el abogado de Soto, Gast\u00f3n Schoenfeld, denunci\u00f3 que el joven recibi\u00f3 amenazas de muerte en la c\u00e1rcel de Bouwer.<\/p>\n","protected":false},"excerpt":{"rendered":"<p>El acusado del femicidio de Catalina Guti\u00e9rrez habl\u00f3 por tel\u00e9fono con la mam\u00e1 de la influencer ocho minutos despu\u00e9s de descartar el cuerpo dentro del auto en una zona descampada de C\u00f3rdoba. Fue el medio El Doce Tv el que mostr\u00f3 las diversas conversaciones que Eleonora Vollenweider mantuvo con N\u00e9stor Soto cuando la familia todav\u00eda cre\u00eda que la estudiante estaba desaparecida, pero el acusado ya la hab\u00eda asesinado. El mi\u00e9rcoles 17 de julio, a las 23.12, el joven de 21 a\u00f1os atendi\u00f3 un llamado de la mam\u00e1 de Catalina y&hellip;<\/p>\n","protected":false},"author":1,"featured_media":0,"comment_status":"open","ping_status":"closed","sticky":false,"template":"","format":"standard","meta":{"footnotes":""},"categories":[4],"tags":[],"class_list":["post-10105","post","type-post","status-publish","format-standard","hentry","category-interes-general"],"rttpg_featured_image_url":null,"rttpg_author":{"display_name":"rober","author_link":"https:\/\/livingmultimediosde.net.ar\/INDEX\/author\/rober\/"},"rttpg_comment":0,"rttpg_category":"<a href=\"https:\/\/livingmultimediosde.net.ar\/INDEX\/category\/interes-general\/\" rel=\"category tag\">INTERES GENERAL<\/a>","rttpg_excerpt":"El acusado del femicidio de Catalina Guti\u00e9rrez habl\u00f3 por tel\u00e9fono con la mam\u00e1 de la influencer ocho minutos despu\u00e9s de descartar el cuerpo dentro del auto en una zona descampada de C\u00f3rdoba. Fue el medio El Doce Tv el que mostr\u00f3 las diversas conversaciones que Eleonora Vollenweider mantuvo con N\u00e9stor Soto cuando la familia todav\u00eda&hellip;","_links":{"self":[{"href":"https:\/\/livingmultimediosde.net.ar\/INDEX\/wp-json\/wp\/v2\/posts\/10105","targetHints":{"allow":["GET"]}}],"collection":[{"href":"https:\/\/livingmultimediosde.net.ar\/INDEX\/wp-json\/wp\/v2\/posts"}],"about":[{"href":"https:\/\/livingmultimediosde.net.ar\/INDEX\/wp-json\/wp\/v2\/types\/post"}],"author":[{"embeddable":true,"href":"https:\/\/livingmultimediosde.net.ar\/INDEX\/wp-json\/wp\/v2\/users\/1"}],"replies":[{"embeddable":true,"href":"https:\/\/livingmultimediosde.net.ar\/INDEX\/wp-json\/wp\/v2\/comments?post=10105"}],"version-history":[{"count":1,"href":"https:\/\/livingmultimediosde.net.ar\/INDEX\/wp-json\/wp\/v2\/posts\/10105\/revisions"}],"predecessor-version":[{"id":10107,"href":"https:\/\/livingmultimediosde.net.ar\/INDEX\/wp-json\/wp\/v2\/posts\/10105\/revisions\/10107"}],"wp:attachment":[{"href":"https:\/\/livingmultimediosde.net.ar\/INDEX\/wp-json\/wp\/v2\/media?parent=10105"}],"wp:term":[{"taxonomy":"category","embeddable":true,"href":"https:\/\/livingmultimediosde.net.ar\/INDEX\/wp-json\/wp\/v2\/categories?post=10105"},{"taxonomy":"post_tag","embeddable":true,"href":"https:\/\/livingmultimediosde.net.ar\/INDEX\/wp-json\/wp\/v2\/tags?post=10105"}],"curies":[{"name":"wp","href":"https:\/\/api.w.org\/{rel}","templated":true}]}}