{"id":10093,"date":"2024-07-24T15:01:22","date_gmt":"2024-07-24T15:01:22","guid":{"rendered":"https:\/\/livingmultimediosde.net.ar\/INDEX\/?p=10093"},"modified":"2024-07-24T15:01:25","modified_gmt":"2024-07-24T15:01:25","slug":"el-jueves-25-de-julio-sera-feriado-provincial","status":"publish","type":"post","link":"https:\/\/livingmultimediosde.net.ar\/INDEX\/2024\/07\/el-jueves-25-de-julio-sera-feriado-provincial\/","title":{"rendered":"EL JUEVES 25 DE JULIO SER\u00c1 FERIADO PROVINCIAL"},"content":{"rendered":"\n<p class=\"wp-block-paragraph\">El Gobierno de la provincia recuerda que, tal como lo establece la Ley N\u00b0 4.511, el d\u00eda 25 de julio ser\u00e1 feriado en todo el territorio de Santiago del Estero, fecha en la cual se honra a Santiago Ap\u00f3stol, patrono de esta provincia, y se celebra adem\u00e1s un nuevo aniversario de la fundaci\u00f3n de la \u201cMadre de Ciudades\u201d.<\/p>\n","protected":false},"excerpt":{"rendered":"<p>El Gobierno de la provincia recuerda que, tal como lo establece la Ley N\u00b0 4.511, el d\u00eda 25 de julio ser\u00e1 feriado en todo el territorio de Santiago del Estero, fecha en la cual se honra a Santiago Ap\u00f3stol, patrono de esta provincia, y se celebra adem\u00e1s un nuevo aniversario de la fundaci\u00f3n de la \u201cMadre de Ciudades\u201d.<\/p>\n","protected":false},"author":1,"featured_media":0,"comment_status":"open","ping_status":"closed","sticky":false,"template":"","format":"standard","meta":{"footnotes":""},"categories":[1],"tags":[],"class_list":["post-10093","post","type-post","status-publish","format-standard","hentry","category-uncategorized"],"rttpg_featured_image_url":null,"rttpg_author":{"display_name":"rober","author_link":"https:\/\/livingmultimediosde.net.ar\/INDEX\/author\/rober\/"},"rttpg_comment":0,"rttpg_category":"<a href=\"https:\/\/livingmultimediosde.net.ar\/INDEX\/category\/uncategorized\/\" rel=\"category tag\">Uncategorized<\/a>","rttpg_excerpt":"El Gobierno de la provincia recuerda que, tal como lo establece la Ley N\u00b0 4.511, el d\u00eda 25 de julio ser\u00e1 feriado en todo el territorio de Santiago del Estero, fecha en la cual se honra a Santiago Ap\u00f3stol, patrono de esta provincia, y se celebra adem\u00e1s un nuevo aniversario de la fundaci\u00f3n de la&hellip;","_links":{"self":[{"href":"https:\/\/livingmultimediosde.net.ar\/INDEX\/wp-json\/wp\/v2\/posts\/10093","targetHints":{"allow":["GET"]}}],"collection":[{"href":"https:\/\/livingmultimediosde.net.ar\/INDEX\/wp-json\/wp\/v2\/posts"}],"about":[{"href":"https:\/\/livingmultimediosde.net.ar\/INDEX\/wp-json\/wp\/v2\/types\/post"}],"author":[{"embeddable":true,"href":"https:\/\/livingmultimediosde.net.ar\/INDEX\/wp-json\/wp\/v2\/users\/1"}],"replies":[{"embeddable":true,"href":"https:\/\/livingmultimediosde.net.ar\/INDEX\/wp-json\/wp\/v2\/comments?post=10093"}],"version-history":[{"count":1,"href":"https:\/\/livingmultimediosde.net.ar\/INDEX\/wp-json\/wp\/v2\/posts\/10093\/revisions"}],"predecessor-version":[{"id":10095,"href":"https:\/\/livingmultimediosde.net.ar\/INDEX\/wp-json\/wp\/v2\/posts\/10093\/revisions\/10095"}],"wp:attachment":[{"href":"https:\/\/livingmultimediosde.net.ar\/INDEX\/wp-json\/wp\/v2\/media?parent=10093"}],"wp:term":[{"taxonomy":"category","embeddable":true,"href":"https:\/\/livingmultimediosde.net.ar\/INDEX\/wp-json\/wp\/v2\/categories?post=10093"},{"taxonomy":"post_tag","embeddable":true,"href":"https:\/\/livingmultimediosde.net.ar\/INDEX\/wp-json\/wp\/v2\/tags?post=10093"}],"curies":[{"name":"wp","href":"https:\/\/api.w.org\/{rel}","templated":true}]}}