{"id":10087,"date":"2024-07-24T14:55:29","date_gmt":"2024-07-24T14:55:29","guid":{"rendered":"https:\/\/livingmultimediosde.net.ar\/INDEX\/?p=10087"},"modified":"2024-07-24T14:55:32","modified_gmt":"2024-07-24T14:55:32","slug":"operativo-sanitario-para-la-festividad-de-la-virgen-de-huachana","status":"publish","type":"post","link":"https:\/\/livingmultimediosde.net.ar\/INDEX\/2024\/07\/operativo-sanitario-para-la-festividad-de-la-virgen-de-huachana\/","title":{"rendered":"OPERATIVO SANITARIO PARA LA FESTIVIDAD DE LA VIRGEN DE HUACHANA"},"content":{"rendered":"\n<p class=\"wp-block-paragraph\">Coordinada por el secretario de Salud, Dr. C\u00e9sar Monti, se realiz\u00f3 una reuni\u00f3n operativa con la presencia de la Comisionada Municipal de Huachana, Valle Gonz\u00e1lez; la secretaria, Eugenia Torres; los directores del SEASE, Nelson Mir; de las Unidades Sanitarias M\u00f3viles, Jos\u00e9 Alzogaray y el coordinador de Direcci\u00f3n del Interior, Dr. Jos\u00e9 G\u00f3mez.El operativo sanitario de esta festividad que re\u00fane a miles de peregrinos y tiene misa central el d\u00eda 31 de julio, se llevar\u00e1 a cabo desde el d\u00eda 26 de julio hasta el 1 de agosto. La coordinaci\u00f3n es realizada por el SEASE 107 y los Hospitales dependientes de la Direcci\u00f3n del Interior junto a la Direcci\u00f3n de USM.Los organizadores informaron que el SEASE 107 pondr\u00e1 a disposici\u00f3n seis unidades m\u00f3viles de soporte vital b\u00e1sico para asistencia y\/o traslado. De \u00e9stas, tres estar\u00e1n ubicadas en el santuario, una en Santos Lugares, una en Campo Gallo y una en Bandera Bajada para cubrir la atenci\u00f3n de las personas durante la peregrinaci\u00f3n.Como en todos los eventos que re\u00fanen a peregrinos y fieles de la provincia y de todo el pa\u00eds, el Ministerio de Salud garantizar\u00e1 el cuidado de la salud para que todos los devotos puedan brindar su homenaje a la patrona del monte santiague\u00f1o, a 204 a\u00f1os de su aparici\u00f3n en nuestra tierra.<\/p>\n","protected":false},"excerpt":{"rendered":"<p>Coordinada por el secretario de Salud, Dr. C\u00e9sar Monti, se realiz\u00f3 una reuni\u00f3n operativa con la presencia de la Comisionada Municipal de Huachana, Valle Gonz\u00e1lez; la secretaria, Eugenia Torres; los directores del SEASE, Nelson Mir; de las Unidades Sanitarias M\u00f3viles, Jos\u00e9 Alzogaray y el coordinador de Direcci\u00f3n del Interior, Dr. Jos\u00e9 G\u00f3mez.El operativo sanitario de esta festividad que re\u00fane a miles de peregrinos y tiene misa central el d\u00eda 31 de julio, se llevar\u00e1 a cabo desde el d\u00eda 26 de julio hasta el 1 de agosto. La coordinaci\u00f3n es&hellip;<\/p>\n","protected":false},"author":1,"featured_media":0,"comment_status":"open","ping_status":"closed","sticky":false,"template":"","format":"standard","meta":{"footnotes":""},"categories":[1],"tags":[],"class_list":["post-10087","post","type-post","status-publish","format-standard","hentry","category-uncategorized"],"rttpg_featured_image_url":null,"rttpg_author":{"display_name":"rober","author_link":"https:\/\/livingmultimediosde.net.ar\/INDEX\/author\/rober\/"},"rttpg_comment":0,"rttpg_category":"<a href=\"https:\/\/livingmultimediosde.net.ar\/INDEX\/category\/uncategorized\/\" rel=\"category tag\">Uncategorized<\/a>","rttpg_excerpt":"Coordinada por el secretario de Salud, Dr. C\u00e9sar Monti, se realiz\u00f3 una reuni\u00f3n operativa con la presencia de la Comisionada Municipal de Huachana, Valle Gonz\u00e1lez; la secretaria, Eugenia Torres; los directores del SEASE, Nelson Mir; de las Unidades Sanitarias M\u00f3viles, Jos\u00e9 Alzogaray y el coordinador de Direcci\u00f3n del Interior, Dr. Jos\u00e9 G\u00f3mez.El operativo sanitario de&hellip;","_links":{"self":[{"href":"https:\/\/livingmultimediosde.net.ar\/INDEX\/wp-json\/wp\/v2\/posts\/10087","targetHints":{"allow":["GET"]}}],"collection":[{"href":"https:\/\/livingmultimediosde.net.ar\/INDEX\/wp-json\/wp\/v2\/posts"}],"about":[{"href":"https:\/\/livingmultimediosde.net.ar\/INDEX\/wp-json\/wp\/v2\/types\/post"}],"author":[{"embeddable":true,"href":"https:\/\/livingmultimediosde.net.ar\/INDEX\/wp-json\/wp\/v2\/users\/1"}],"replies":[{"embeddable":true,"href":"https:\/\/livingmultimediosde.net.ar\/INDEX\/wp-json\/wp\/v2\/comments?post=10087"}],"version-history":[{"count":1,"href":"https:\/\/livingmultimediosde.net.ar\/INDEX\/wp-json\/wp\/v2\/posts\/10087\/revisions"}],"predecessor-version":[{"id":10089,"href":"https:\/\/livingmultimediosde.net.ar\/INDEX\/wp-json\/wp\/v2\/posts\/10087\/revisions\/10089"}],"wp:attachment":[{"href":"https:\/\/livingmultimediosde.net.ar\/INDEX\/wp-json\/wp\/v2\/media?parent=10087"}],"wp:term":[{"taxonomy":"category","embeddable":true,"href":"https:\/\/livingmultimediosde.net.ar\/INDEX\/wp-json\/wp\/v2\/categories?post=10087"},{"taxonomy":"post_tag","embeddable":true,"href":"https:\/\/livingmultimediosde.net.ar\/INDEX\/wp-json\/wp\/v2\/tags?post=10087"}],"curies":[{"name":"wp","href":"https:\/\/api.w.org\/{rel}","templated":true}]}}