{"id":10078,"date":"2024-07-23T13:58:44","date_gmt":"2024-07-23T13:58:44","guid":{"rendered":"https:\/\/livingmultimediosde.net.ar\/INDEX\/?p=10078"},"modified":"2024-07-23T13:58:53","modified_gmt":"2024-07-23T13:58:53","slug":"esta-muy-arrepentido-dijo-el-abogado-del-acusado-por-el-femicidio-de-la-influencer-en-cordoba","status":"publish","type":"post","link":"https:\/\/livingmultimediosde.net.ar\/INDEX\/2024\/07\/esta-muy-arrepentido-dijo-el-abogado-del-acusado-por-el-femicidio-de-la-influencer-en-cordoba\/","title":{"rendered":"\u201cEst\u00e1 muy arrepentido\u201d, dijo el abogado del acusado por el femicidio de la influencer en C\u00f3rdoba"},"content":{"rendered":"\n<p class=\"wp-block-paragraph\">Para el abogado del acusado por el femicidio de la influencer en C\u00f3rdoba su cliente \u201cest\u00e1 muy arrepentido\u201d y este martes N\u00e9stor Soto (21) ser\u00e1 indagado por la Justicia con la idea de saber si act\u00fao solo o hubo m\u00e1s part\u00edcipes en el brutal crimen de Catalina Guti\u00e9rrez.<\/p>\n\n\n\n<p class=\"wp-block-paragraph\">Gast\u00f3n Sch\u00f6nfeld asumi\u00f3 este lunes como defensor de Soto y de esta manera se espera que en las pr\u00f3ximas horas declare frente al fiscal a cargo, Jos\u00e9 Mana.<\/p>\n\n\n\n<p class=\"wp-block-paragraph\">\u201cSe mostr\u00f3 muy arrepentido y nos encomend\u00f3 que asumi\u00e9ramos su defensa. Se encuentra en estado de shock, muy acongojado\u201d, sostuvo Sch\u00f6nfeld.<\/p>\n\n\n\n<p class=\"wp-block-paragraph\">Se trata de una audiencia importante ya que all\u00ed le modificar\u00edan la imputaci\u00f3n en su contra de homicidio simple a femicidio. Si esto ocurre y la Justicia lo encuentra culpable, recibir\u00e1 una condena de prisi\u00f3n perpetua.<\/p>\n\n\n\n<p class=\"wp-block-paragraph\">\u201cDesde la fiscal\u00eda nos informaron que est\u00e1n analizando la causa. En base a la informaci\u00f3n que tiene, verificar\u00e1n cu\u00e1l es la calificaci\u00f3n aplicable, si se la modifica o no\u201d, expuso en el medio Noticiero Doce.<\/p>\n\n\n\n<p class=\"wp-block-paragraph\">El abogado de Soto habl\u00f3 sobre los familiares del detenido y cont\u00f3: \u201cSe encuentra en un estado similar o superior de N\u00e9stor. Es una mujer que vive en San Carlos de Bariloche y que se traslad\u00f3 porque su hijo la contact\u00f3 y le dio la triste noticia\u201d.<\/p>\n\n\n\n<p class=\"wp-block-paragraph\">Sobre la participaci\u00f3n de otras personas en el asesinato, el defensor destac\u00f3 que no se pudo determinar si hay m\u00e1s c\u00f3mplices.<\/p>\n\n\n\n<p class=\"wp-block-paragraph\">Esto se relaciona a que se comprob\u00f3 que \u201clas voces\u201d que escucharon los vecinos en el lugar donde apareci\u00f3 el auto de la v\u00edctima, eran de los efectivos policiales que hallaron el veh\u00edculo.<\/p>\n","protected":false},"excerpt":{"rendered":"<p>Para el abogado del acusado por el femicidio de la influencer en C\u00f3rdoba su cliente \u201cest\u00e1 muy arrepentido\u201d y este martes N\u00e9stor Soto (21) ser\u00e1 indagado por la Justicia con la idea de saber si act\u00fao solo o hubo m\u00e1s part\u00edcipes en el brutal crimen de Catalina Guti\u00e9rrez. Gast\u00f3n Sch\u00f6nfeld asumi\u00f3 este lunes como defensor de Soto y de esta manera se espera que en las pr\u00f3ximas horas declare frente al fiscal a cargo, Jos\u00e9 Mana. \u201cSe mostr\u00f3 muy arrepentido y nos encomend\u00f3 que asumi\u00e9ramos su defensa. Se encuentra en&hellip;<\/p>\n","protected":false},"author":1,"featured_media":0,"comment_status":"open","ping_status":"closed","sticky":false,"template":"","format":"standard","meta":{"footnotes":""},"categories":[4],"tags":[],"class_list":["post-10078","post","type-post","status-publish","format-standard","hentry","category-interes-general"],"rttpg_featured_image_url":null,"rttpg_author":{"display_name":"rober","author_link":"https:\/\/livingmultimediosde.net.ar\/INDEX\/author\/rober\/"},"rttpg_comment":0,"rttpg_category":"<a href=\"https:\/\/livingmultimediosde.net.ar\/INDEX\/category\/interes-general\/\" rel=\"category tag\">INTERES GENERAL<\/a>","rttpg_excerpt":"Para el abogado del acusado por el femicidio de la influencer en C\u00f3rdoba su cliente \u201cest\u00e1 muy arrepentido\u201d y este martes N\u00e9stor Soto (21) ser\u00e1 indagado por la Justicia con la idea de saber si act\u00fao solo o hubo m\u00e1s part\u00edcipes en el brutal crimen de Catalina Guti\u00e9rrez. Gast\u00f3n Sch\u00f6nfeld asumi\u00f3 este lunes como defensor&hellip;","_links":{"self":[{"href":"https:\/\/livingmultimediosde.net.ar\/INDEX\/wp-json\/wp\/v2\/posts\/10078","targetHints":{"allow":["GET"]}}],"collection":[{"href":"https:\/\/livingmultimediosde.net.ar\/INDEX\/wp-json\/wp\/v2\/posts"}],"about":[{"href":"https:\/\/livingmultimediosde.net.ar\/INDEX\/wp-json\/wp\/v2\/types\/post"}],"author":[{"embeddable":true,"href":"https:\/\/livingmultimediosde.net.ar\/INDEX\/wp-json\/wp\/v2\/users\/1"}],"replies":[{"embeddable":true,"href":"https:\/\/livingmultimediosde.net.ar\/INDEX\/wp-json\/wp\/v2\/comments?post=10078"}],"version-history":[{"count":1,"href":"https:\/\/livingmultimediosde.net.ar\/INDEX\/wp-json\/wp\/v2\/posts\/10078\/revisions"}],"predecessor-version":[{"id":10080,"href":"https:\/\/livingmultimediosde.net.ar\/INDEX\/wp-json\/wp\/v2\/posts\/10078\/revisions\/10080"}],"wp:attachment":[{"href":"https:\/\/livingmultimediosde.net.ar\/INDEX\/wp-json\/wp\/v2\/media?parent=10078"}],"wp:term":[{"taxonomy":"category","embeddable":true,"href":"https:\/\/livingmultimediosde.net.ar\/INDEX\/wp-json\/wp\/v2\/categories?post=10078"},{"taxonomy":"post_tag","embeddable":true,"href":"https:\/\/livingmultimediosde.net.ar\/INDEX\/wp-json\/wp\/v2\/tags?post=10078"}],"curies":[{"name":"wp","href":"https:\/\/api.w.org\/{rel}","templated":true}]}}