{"id":10063,"date":"2024-07-22T14:33:00","date_gmt":"2024-07-22T14:33:00","guid":{"rendered":"https:\/\/livingmultimediosde.net.ar\/INDEX\/?p=10063"},"modified":"2024-07-22T14:33:02","modified_gmt":"2024-07-22T14:33:02","slug":"zamora-con-alegria-profunda-me-uno-al-jubilo-del-pueblo-santiagueno","status":"publish","type":"post","link":"https:\/\/livingmultimediosde.net.ar\/INDEX\/2024\/07\/zamora-con-alegria-profunda-me-uno-al-jubilo-del-pueblo-santiagueno\/","title":{"rendered":"Zamora: \u201cCon alegr\u00eda profunda me uno al j\u00fabilo del Pueblo Santiague\u00f1o\u201d"},"content":{"rendered":"\n<p class=\"wp-block-paragraph\">El gobernador Gerardo Zamora se manifest\u00f3 en redes sociales luego de que el papa Francisco dispusiera transferir el t\u00edtulo de \u201cSede Primada\u201d de Argentina a Santiago del Estero.<\/p>\n\n\n\n<p class=\"wp-block-paragraph\">En sus perfiles p\u00fablicos, el primer mandatario santiague\u00f1o hizo un emotivo posteo.<\/p>\n\n\n\n<p class=\"wp-block-paragraph\">El mensaje de Gerardo Zamora<br>Con alegr\u00eda profunda me uno al jubilo del Pueblo Santiague\u00f1o tras la noticia de haberse constituido en Sede Primada de la Argentina a Santiago del Estero.<\/p>\n\n\n\n<p class=\"wp-block-paragraph\">Est\u00e1 decisi\u00f3n tomada por el Papa Francisco, auspicia una importante reparaci\u00f3n en la historia eclesi\u00e1stica de nuestra Patria.<\/p>\n\n\n\n<p class=\"wp-block-paragraph\">Saludamos a la Iglesia Cat\u00f3lica y a toda su feligres\u00eda en la persona de su Obispo Mons. Vicente Bocalic.<\/p>\n\n\n\n<p class=\"wp-block-paragraph\">Dios bendiga a Santiago del Estero y a todos los que habitamos en esta tierra madre de fe y promisi\u00f3n ciudadana.<\/p>\n","protected":false},"excerpt":{"rendered":"<p>El gobernador Gerardo Zamora se manifest\u00f3 en redes sociales luego de que el papa Francisco dispusiera transferir el t\u00edtulo de \u201cSede Primada\u201d de Argentina a Santiago del Estero. En sus perfiles p\u00fablicos, el primer mandatario santiague\u00f1o hizo un emotivo posteo. El mensaje de Gerardo ZamoraCon alegr\u00eda profunda me uno al jubilo del Pueblo Santiague\u00f1o tras la noticia de haberse constituido en Sede Primada de la Argentina a Santiago del Estero. Est\u00e1 decisi\u00f3n tomada por el Papa Francisco, auspicia una importante reparaci\u00f3n en la historia eclesi\u00e1stica de nuestra Patria. Saludamos a&hellip;<\/p>\n","protected":false},"author":1,"featured_media":0,"comment_status":"open","ping_status":"closed","sticky":false,"template":"","format":"standard","meta":{"footnotes":""},"categories":[1],"tags":[],"class_list":["post-10063","post","type-post","status-publish","format-standard","hentry","category-uncategorized"],"rttpg_featured_image_url":null,"rttpg_author":{"display_name":"rober","author_link":"https:\/\/livingmultimediosde.net.ar\/INDEX\/author\/rober\/"},"rttpg_comment":0,"rttpg_category":"<a href=\"https:\/\/livingmultimediosde.net.ar\/INDEX\/category\/uncategorized\/\" rel=\"category tag\">Uncategorized<\/a>","rttpg_excerpt":"El gobernador Gerardo Zamora se manifest\u00f3 en redes sociales luego de que el papa Francisco dispusiera transferir el t\u00edtulo de \u201cSede Primada\u201d de Argentina a Santiago del Estero. En sus perfiles p\u00fablicos, el primer mandatario santiague\u00f1o hizo un emotivo posteo. El mensaje de Gerardo ZamoraCon alegr\u00eda profunda me uno al jubilo del Pueblo Santiague\u00f1o tras&hellip;","_links":{"self":[{"href":"https:\/\/livingmultimediosde.net.ar\/INDEX\/wp-json\/wp\/v2\/posts\/10063","targetHints":{"allow":["GET"]}}],"collection":[{"href":"https:\/\/livingmultimediosde.net.ar\/INDEX\/wp-json\/wp\/v2\/posts"}],"about":[{"href":"https:\/\/livingmultimediosde.net.ar\/INDEX\/wp-json\/wp\/v2\/types\/post"}],"author":[{"embeddable":true,"href":"https:\/\/livingmultimediosde.net.ar\/INDEX\/wp-json\/wp\/v2\/users\/1"}],"replies":[{"embeddable":true,"href":"https:\/\/livingmultimediosde.net.ar\/INDEX\/wp-json\/wp\/v2\/comments?post=10063"}],"version-history":[{"count":1,"href":"https:\/\/livingmultimediosde.net.ar\/INDEX\/wp-json\/wp\/v2\/posts\/10063\/revisions"}],"predecessor-version":[{"id":10065,"href":"https:\/\/livingmultimediosde.net.ar\/INDEX\/wp-json\/wp\/v2\/posts\/10063\/revisions\/10065"}],"wp:attachment":[{"href":"https:\/\/livingmultimediosde.net.ar\/INDEX\/wp-json\/wp\/v2\/media?parent=10063"}],"wp:term":[{"taxonomy":"category","embeddable":true,"href":"https:\/\/livingmultimediosde.net.ar\/INDEX\/wp-json\/wp\/v2\/categories?post=10063"},{"taxonomy":"post_tag","embeddable":true,"href":"https:\/\/livingmultimediosde.net.ar\/INDEX\/wp-json\/wp\/v2\/tags?post=10063"}],"curies":[{"name":"wp","href":"https:\/\/api.w.org\/{rel}","templated":true}]}}