{"id":10060,"date":"2024-07-22T14:31:43","date_gmt":"2024-07-22T14:31:43","guid":{"rendered":"https:\/\/livingmultimediosde.net.ar\/INDEX\/?p=10060"},"modified":"2024-07-22T14:31:45","modified_gmt":"2024-07-22T14:31:45","slug":"el-papa-le-transfirio-a-santiago-del-estero-el-titulo-de-sede-primada-de-la-argentina","status":"publish","type":"post","link":"https:\/\/livingmultimediosde.net.ar\/INDEX\/2024\/07\/el-papa-le-transfirio-a-santiago-del-estero-el-titulo-de-sede-primada-de-la-argentina\/","title":{"rendered":"El Papa le transfiri\u00f3 a Santiago del Estero el t\u00edtulo de \u2018Sede Primada\u2019 de la Argentina"},"content":{"rendered":"\n<p class=\"wp-block-paragraph\">El Papa Francisco dispuso este lunes 22 transferir el t\u00edtulo de Primada de la Argentina de la Sede Metropolitana de Buenos Aires a la Sede de Santiago del Estero y, a norma del c\u00e1non 438 del C\u00f3digo de Derecho Can\u00f3nico, conceder el t\u00edtulo de arzobispo al obispo pro tempore de la misma Sede de Santiago del Estero.<\/p>\n\n\n\n<p class=\"wp-block-paragraph\">Adem\u00e1s, resolvi\u00f3 elevar la Sede diocesana de Santiago del Estero al grado y dignidad de Sede Arzobispal, permaneciendo como sufrag\u00e1nea de la Sede Metropolitana de Tucum\u00e1n.<\/p>\n\n\n\n<p class=\"wp-block-paragraph\">Como consecuencia, se deroga el Decreto de la Sagrada Congregaci\u00f3n Concistorial Cum ecclesiastica provincia Bona\u00ebrensis, del 29 de enero de 1936, con el cual se confer\u00eda al Arzobispo pro tempore de Buenos Aires el t\u00edtulo de Primado de la Argentina.<\/p>\n\n\n\n<p class=\"wp-block-paragraph\">La informaci\u00f3n fue publicada esta ma\u00f1ana en forma simult\u00e1nea en Buenos Aires y en Roma.<\/p>\n","protected":false},"excerpt":{"rendered":"<p>El Papa Francisco dispuso este lunes 22 transferir el t\u00edtulo de Primada de la Argentina de la Sede Metropolitana de Buenos Aires a la Sede de Santiago del Estero y, a norma del c\u00e1non 438 del C\u00f3digo de Derecho Can\u00f3nico, conceder el t\u00edtulo de arzobispo al obispo pro tempore de la misma Sede de Santiago del Estero. Adem\u00e1s, resolvi\u00f3 elevar la Sede diocesana de Santiago del Estero al grado y dignidad de Sede Arzobispal, permaneciendo como sufrag\u00e1nea de la Sede Metropolitana de Tucum\u00e1n. Como consecuencia, se deroga el Decreto de&hellip;<\/p>\n","protected":false},"author":1,"featured_media":0,"comment_status":"open","ping_status":"closed","sticky":false,"template":"","format":"standard","meta":{"footnotes":""},"categories":[1],"tags":[],"class_list":["post-10060","post","type-post","status-publish","format-standard","hentry","category-uncategorized"],"rttpg_featured_image_url":null,"rttpg_author":{"display_name":"rober","author_link":"https:\/\/livingmultimediosde.net.ar\/INDEX\/author\/rober\/"},"rttpg_comment":0,"rttpg_category":"<a href=\"https:\/\/livingmultimediosde.net.ar\/INDEX\/category\/uncategorized\/\" rel=\"category tag\">Uncategorized<\/a>","rttpg_excerpt":"El Papa Francisco dispuso este lunes 22 transferir el t\u00edtulo de Primada de la Argentina de la Sede Metropolitana de Buenos Aires a la Sede de Santiago del Estero y, a norma del c\u00e1non 438 del C\u00f3digo de Derecho Can\u00f3nico, conceder el t\u00edtulo de arzobispo al obispo pro tempore de la misma Sede de Santiago&hellip;","_links":{"self":[{"href":"https:\/\/livingmultimediosde.net.ar\/INDEX\/wp-json\/wp\/v2\/posts\/10060","targetHints":{"allow":["GET"]}}],"collection":[{"href":"https:\/\/livingmultimediosde.net.ar\/INDEX\/wp-json\/wp\/v2\/posts"}],"about":[{"href":"https:\/\/livingmultimediosde.net.ar\/INDEX\/wp-json\/wp\/v2\/types\/post"}],"author":[{"embeddable":true,"href":"https:\/\/livingmultimediosde.net.ar\/INDEX\/wp-json\/wp\/v2\/users\/1"}],"replies":[{"embeddable":true,"href":"https:\/\/livingmultimediosde.net.ar\/INDEX\/wp-json\/wp\/v2\/comments?post=10060"}],"version-history":[{"count":1,"href":"https:\/\/livingmultimediosde.net.ar\/INDEX\/wp-json\/wp\/v2\/posts\/10060\/revisions"}],"predecessor-version":[{"id":10062,"href":"https:\/\/livingmultimediosde.net.ar\/INDEX\/wp-json\/wp\/v2\/posts\/10060\/revisions\/10062"}],"wp:attachment":[{"href":"https:\/\/livingmultimediosde.net.ar\/INDEX\/wp-json\/wp\/v2\/media?parent=10060"}],"wp:term":[{"taxonomy":"category","embeddable":true,"href":"https:\/\/livingmultimediosde.net.ar\/INDEX\/wp-json\/wp\/v2\/categories?post=10060"},{"taxonomy":"post_tag","embeddable":true,"href":"https:\/\/livingmultimediosde.net.ar\/INDEX\/wp-json\/wp\/v2\/tags?post=10060"}],"curies":[{"name":"wp","href":"https:\/\/api.w.org\/{rel}","templated":true}]}}