{"id":10047,"date":"2024-07-22T04:59:21","date_gmt":"2024-07-22T04:59:21","guid":{"rendered":"https:\/\/livingmultimediosde.net.ar\/INDEX\/?p=10047"},"modified":"2024-07-22T04:59:24","modified_gmt":"2024-07-22T04:59:24","slug":"estados-unidos-biden-no-se-presentara-a-la-reeleccion","status":"publish","type":"post","link":"https:\/\/livingmultimediosde.net.ar\/INDEX\/2024\/07\/estados-unidos-biden-no-se-presentara-a-la-reeleccion\/","title":{"rendered":"Estados Unidos: Biden no se presentar\u00e1 a la reelecci\u00f3n"},"content":{"rendered":"\n<p class=\"wp-block-paragraph\">El mandatario de los Estados Unidos, Joseph Biden, anunci\u00f3 este domingo que no se postular\u00e1 para la reelecci\u00f3n en las pr\u00f3ximos comicios presidenciales.<\/p>\n\n\n\n<p class=\"wp-block-paragraph\">En un comunicado dirigido a la naci\u00f3n, Biden destac\u00f3 los logros de su administraci\u00f3n durante los \u00faltimos tres a\u00f1os y medio, incluyendo una econom\u00eda robusta, reformas hist\u00f3ricas en atenci\u00f3n m\u00e9dica y medicamentos, as\u00ed como importantes avances en seguridad y justicia social.<\/p>\n\n\n\n<p class=\"wp-block-paragraph\">El presidente del pa\u00eds norteamericano exres\u00f3 su agradecimiento al pueblo estadounidense por su apoyo y resalt\u00f3 la importancia de continuar trabajando para cumplir con sus deberes hasta el final de su mandato.<\/p>\n\n\n\n<p class=\"wp-block-paragraph\">\u00abHa sido el mayor honor de mi vida servir como su Presidente. Y aunque ha sido mi intenci\u00f3n postularme para la reelecci\u00f3n, creo que es en el mejor inter\u00e9s de mi partido y del pa\u00eds que me retire\u00bb, afirm\u00f3.<\/p>\n\n\n\n<p class=\"wp-block-paragraph\">El mandatario adelant\u00f3 que brindar\u00e1 m\u00e1s detalles sobre su decisi\u00f3n en un discurso a la naci\u00f3n a finales de esta semana.<\/p>\n\n\n\n<p class=\"wp-block-paragraph\">Biden tambi\u00e9n agradeci\u00f3 a la vicepresidenta Kamala Harris por su colaboraci\u00f3n y compromiso en estos a\u00f1os de gesti\u00f3n.<\/p>\n\n\n\n<p class=\"wp-block-paragraph\">\u00abHoy creo lo que siempre he cre\u00eddo: que no hay nada que Estados Unidos no pueda hacer, cuando lo hacemos juntos. Solo tenemos que recordar que somos los Estados Unidos de Am\u00e9rica\u00bb, se\u00f1al\u00f3.<\/p>\n\n\n\n<p class=\"wp-block-paragraph\">Biden, quien ha superado una pandemia y una crisis econ\u00f3mica, enfatiz\u00f3 la necesidad de seguir protegiendo la democracia y fortaleciendo las alianzas internacionales.<\/p>\n\n\n\n<p class=\"wp-block-paragraph\">Su decisi\u00f3n abre un nuevo cap\u00edtulo en la pol\u00edtica estadounidense de cara a las elecciones de 2024.<\/p>\n","protected":false},"excerpt":{"rendered":"<p>El mandatario de los Estados Unidos, Joseph Biden, anunci\u00f3 este domingo que no se postular\u00e1 para la reelecci\u00f3n en las pr\u00f3ximos comicios presidenciales. En un comunicado dirigido a la naci\u00f3n, Biden destac\u00f3 los logros de su administraci\u00f3n durante los \u00faltimos tres a\u00f1os y medio, incluyendo una econom\u00eda robusta, reformas hist\u00f3ricas en atenci\u00f3n m\u00e9dica y medicamentos, as\u00ed como importantes avances en seguridad y justicia social. El presidente del pa\u00eds norteamericano exres\u00f3 su agradecimiento al pueblo estadounidense por su apoyo y resalt\u00f3 la importancia de continuar trabajando para cumplir con sus deberes&hellip;<\/p>\n","protected":false},"author":1,"featured_media":0,"comment_status":"open","ping_status":"closed","sticky":false,"template":"","format":"standard","meta":{"footnotes":""},"categories":[4],"tags":[],"class_list":["post-10047","post","type-post","status-publish","format-standard","hentry","category-interes-general"],"rttpg_featured_image_url":null,"rttpg_author":{"display_name":"rober","author_link":"https:\/\/livingmultimediosde.net.ar\/INDEX\/author\/rober\/"},"rttpg_comment":0,"rttpg_category":"<a href=\"https:\/\/livingmultimediosde.net.ar\/INDEX\/category\/interes-general\/\" rel=\"category tag\">INTERES GENERAL<\/a>","rttpg_excerpt":"El mandatario de los Estados Unidos, Joseph Biden, anunci\u00f3 este domingo que no se postular\u00e1 para la reelecci\u00f3n en las pr\u00f3ximos comicios presidenciales. En un comunicado dirigido a la naci\u00f3n, Biden destac\u00f3 los logros de su administraci\u00f3n durante los \u00faltimos tres a\u00f1os y medio, incluyendo una econom\u00eda robusta, reformas hist\u00f3ricas en atenci\u00f3n m\u00e9dica y medicamentos,&hellip;","_links":{"self":[{"href":"https:\/\/livingmultimediosde.net.ar\/INDEX\/wp-json\/wp\/v2\/posts\/10047","targetHints":{"allow":["GET"]}}],"collection":[{"href":"https:\/\/livingmultimediosde.net.ar\/INDEX\/wp-json\/wp\/v2\/posts"}],"about":[{"href":"https:\/\/livingmultimediosde.net.ar\/INDEX\/wp-json\/wp\/v2\/types\/post"}],"author":[{"embeddable":true,"href":"https:\/\/livingmultimediosde.net.ar\/INDEX\/wp-json\/wp\/v2\/users\/1"}],"replies":[{"embeddable":true,"href":"https:\/\/livingmultimediosde.net.ar\/INDEX\/wp-json\/wp\/v2\/comments?post=10047"}],"version-history":[{"count":1,"href":"https:\/\/livingmultimediosde.net.ar\/INDEX\/wp-json\/wp\/v2\/posts\/10047\/revisions"}],"predecessor-version":[{"id":10049,"href":"https:\/\/livingmultimediosde.net.ar\/INDEX\/wp-json\/wp\/v2\/posts\/10047\/revisions\/10049"}],"wp:attachment":[{"href":"https:\/\/livingmultimediosde.net.ar\/INDEX\/wp-json\/wp\/v2\/media?parent=10047"}],"wp:term":[{"taxonomy":"category","embeddable":true,"href":"https:\/\/livingmultimediosde.net.ar\/INDEX\/wp-json\/wp\/v2\/categories?post=10047"},{"taxonomy":"post_tag","embeddable":true,"href":"https:\/\/livingmultimediosde.net.ar\/INDEX\/wp-json\/wp\/v2\/tags?post=10047"}],"curies":[{"name":"wp","href":"https:\/\/api.w.org\/{rel}","templated":true}]}}