{"id":10044,"date":"2024-07-22T04:58:02","date_gmt":"2024-07-22T04:58:02","guid":{"rendered":"https:\/\/livingmultimediosde.net.ar\/INDEX\/?p=10044"},"modified":"2024-07-22T04:58:05","modified_gmt":"2024-07-22T04:58:05","slug":"tercer-concurso-de-asado-a-la-estaca-madre-de-ciudades","status":"publish","type":"post","link":"https:\/\/livingmultimediosde.net.ar\/INDEX\/2024\/07\/tercer-concurso-de-asado-a-la-estaca-madre-de-ciudades\/","title":{"rendered":"TERCER CONCURSO DE ASADO A LA ESTACA \u00abMADRE DE CIUDADES\u00bb"},"content":{"rendered":"\n<p class=\"wp-block-paragraph\">Se realiz\u00f3 el tercer concurso de asado a la estaca \u00abMadre de Ciudades\u00bb organizado por la filial 23 del C\u00edrculo de Sub oficiales de la Polic\u00eda Federal Argentina<br>El presidente del H.C.D Humberto Santill\u00e1n junto a los concejales Walter Medina Salom\u00f3n, Mario Nazer, Gabriela Ortiz y Carlos Basualdo entregaron la Ordenanza N\u00b0 6322 declarando de Inter\u00e9s Municipal, Social y Cultural dicho evento.<br>Tambi\u00e9n estuvo presente el Vicegobernador de la provincia Carlos Silva Neder.<\/p>\n","protected":false},"excerpt":{"rendered":"<p>Se realiz\u00f3 el tercer concurso de asado a la estaca \u00abMadre de Ciudades\u00bb organizado por la filial 23 del C\u00edrculo de Sub oficiales de la Polic\u00eda Federal ArgentinaEl presidente del H.C.D Humberto Santill\u00e1n junto a los concejales Walter Medina Salom\u00f3n, Mario Nazer, Gabriela Ortiz y Carlos Basualdo entregaron la Ordenanza N\u00b0 6322 declarando de Inter\u00e9s Municipal, Social y Cultural dicho evento.Tambi\u00e9n estuvo presente el Vicegobernador de la provincia Carlos Silva Neder.<\/p>\n","protected":false},"author":1,"featured_media":0,"comment_status":"open","ping_status":"closed","sticky":false,"template":"","format":"standard","meta":{"footnotes":""},"categories":[3],"tags":[],"class_list":["post-10044","post","type-post","status-publish","format-standard","hentry","category-hcd-capital"],"rttpg_featured_image_url":null,"rttpg_author":{"display_name":"rober","author_link":"https:\/\/livingmultimediosde.net.ar\/INDEX\/author\/rober\/"},"rttpg_comment":0,"rttpg_category":"<a href=\"https:\/\/livingmultimediosde.net.ar\/INDEX\/category\/hcd-capital\/\" rel=\"category tag\">HCD CAPITAL<\/a>","rttpg_excerpt":"Se realiz\u00f3 el tercer concurso de asado a la estaca \u00abMadre de Ciudades\u00bb organizado por la filial 23 del C\u00edrculo de Sub oficiales de la Polic\u00eda Federal ArgentinaEl presidente del H.C.D Humberto Santill\u00e1n junto a los concejales Walter Medina Salom\u00f3n, Mario Nazer, Gabriela Ortiz y Carlos Basualdo entregaron la Ordenanza N\u00b0 6322 declarando de Inter\u00e9s&hellip;","_links":{"self":[{"href":"https:\/\/livingmultimediosde.net.ar\/INDEX\/wp-json\/wp\/v2\/posts\/10044","targetHints":{"allow":["GET"]}}],"collection":[{"href":"https:\/\/livingmultimediosde.net.ar\/INDEX\/wp-json\/wp\/v2\/posts"}],"about":[{"href":"https:\/\/livingmultimediosde.net.ar\/INDEX\/wp-json\/wp\/v2\/types\/post"}],"author":[{"embeddable":true,"href":"https:\/\/livingmultimediosde.net.ar\/INDEX\/wp-json\/wp\/v2\/users\/1"}],"replies":[{"embeddable":true,"href":"https:\/\/livingmultimediosde.net.ar\/INDEX\/wp-json\/wp\/v2\/comments?post=10044"}],"version-history":[{"count":1,"href":"https:\/\/livingmultimediosde.net.ar\/INDEX\/wp-json\/wp\/v2\/posts\/10044\/revisions"}],"predecessor-version":[{"id":10046,"href":"https:\/\/livingmultimediosde.net.ar\/INDEX\/wp-json\/wp\/v2\/posts\/10044\/revisions\/10046"}],"wp:attachment":[{"href":"https:\/\/livingmultimediosde.net.ar\/INDEX\/wp-json\/wp\/v2\/media?parent=10044"}],"wp:term":[{"taxonomy":"category","embeddable":true,"href":"https:\/\/livingmultimediosde.net.ar\/INDEX\/wp-json\/wp\/v2\/categories?post=10044"},{"taxonomy":"post_tag","embeddable":true,"href":"https:\/\/livingmultimediosde.net.ar\/INDEX\/wp-json\/wp\/v2\/tags?post=10044"}],"curies":[{"name":"wp","href":"https:\/\/api.w.org\/{rel}","templated":true}]}}