{"id":10041,"date":"2024-07-22T04:57:00","date_gmt":"2024-07-22T04:57:00","guid":{"rendered":"https:\/\/livingmultimediosde.net.ar\/INDEX\/?p=10041"},"modified":"2024-07-22T04:57:01","modified_gmt":"2024-07-22T04:57:01","slug":"xxii-marcha-de-los-bombos","status":"publish","type":"post","link":"https:\/\/livingmultimediosde.net.ar\/INDEX\/2024\/07\/xxii-marcha-de-los-bombos\/","title":{"rendered":"XXII MARCHA DE LOS BOMBOS"},"content":{"rendered":"\n<p class=\"wp-block-paragraph\">Se realiz\u00f3 la XXII Marcha de los Bombos, el Presidente del Honorable Concejo Deliberante, Humberto Santill\u00e1n, y los concejales Gabriela Ortiz, Carlos Basualdo, Aida Luz Soria, Walter Medina Salom\u00f3n, Mario Nazer, Gustavo Salvatierra Rodr\u00edguez y Maria Isabel P\u00e9rez Nazar, se unieron al gobernador Dr. Gerardo Zamora y a la Intendenta Ing. Norma Fuentes. Tambi\u00e9n participaron en la marcha el reconocido \u00abIndio\u00bb Froil\u00e1n Gonz\u00e1lez.<br>El recorrido inici\u00f3 en el Centro Cultural del Bicentenario y culmin\u00f3 en el Parque Aguirre, donde un escenario vibrante acogi\u00f3 a artistas que deleitaron a miles de santiague\u00f1os y turistas en un ambiente lleno de alegr\u00eda y m\u00fasica. #XXIIMarchaDeLosBombos #LateSantiago #471Aniversario #MadreDeCiudades<\/p>\n","protected":false},"excerpt":{"rendered":"<p>Se realiz\u00f3 la XXII Marcha de los Bombos, el Presidente del Honorable Concejo Deliberante, Humberto Santill\u00e1n, y los concejales Gabriela Ortiz, Carlos Basualdo, Aida Luz Soria, Walter Medina Salom\u00f3n, Mario Nazer, Gustavo Salvatierra Rodr\u00edguez y Maria Isabel P\u00e9rez Nazar, se unieron al gobernador Dr. Gerardo Zamora y a la Intendenta Ing. Norma Fuentes. Tambi\u00e9n participaron en la marcha el reconocido \u00abIndio\u00bb Froil\u00e1n Gonz\u00e1lez.El recorrido inici\u00f3 en el Centro Cultural del Bicentenario y culmin\u00f3 en el Parque Aguirre, donde un escenario vibrante acogi\u00f3 a artistas que deleitaron a miles de santiague\u00f1os&hellip;<\/p>\n","protected":false},"author":1,"featured_media":0,"comment_status":"open","ping_status":"closed","sticky":false,"template":"","format":"standard","meta":{"footnotes":""},"categories":[3],"tags":[],"class_list":["post-10041","post","type-post","status-publish","format-standard","hentry","category-hcd-capital"],"rttpg_featured_image_url":null,"rttpg_author":{"display_name":"rober","author_link":"https:\/\/livingmultimediosde.net.ar\/INDEX\/author\/rober\/"},"rttpg_comment":0,"rttpg_category":"<a href=\"https:\/\/livingmultimediosde.net.ar\/INDEX\/category\/hcd-capital\/\" rel=\"category tag\">HCD CAPITAL<\/a>","rttpg_excerpt":"Se realiz\u00f3 la XXII Marcha de los Bombos, el Presidente del Honorable Concejo Deliberante, Humberto Santill\u00e1n, y los concejales Gabriela Ortiz, Carlos Basualdo, Aida Luz Soria, Walter Medina Salom\u00f3n, Mario Nazer, Gustavo Salvatierra Rodr\u00edguez y Maria Isabel P\u00e9rez Nazar, se unieron al gobernador Dr. Gerardo Zamora y a la Intendenta Ing. Norma Fuentes. Tambi\u00e9n participaron&hellip;","_links":{"self":[{"href":"https:\/\/livingmultimediosde.net.ar\/INDEX\/wp-json\/wp\/v2\/posts\/10041","targetHints":{"allow":["GET"]}}],"collection":[{"href":"https:\/\/livingmultimediosde.net.ar\/INDEX\/wp-json\/wp\/v2\/posts"}],"about":[{"href":"https:\/\/livingmultimediosde.net.ar\/INDEX\/wp-json\/wp\/v2\/types\/post"}],"author":[{"embeddable":true,"href":"https:\/\/livingmultimediosde.net.ar\/INDEX\/wp-json\/wp\/v2\/users\/1"}],"replies":[{"embeddable":true,"href":"https:\/\/livingmultimediosde.net.ar\/INDEX\/wp-json\/wp\/v2\/comments?post=10041"}],"version-history":[{"count":1,"href":"https:\/\/livingmultimediosde.net.ar\/INDEX\/wp-json\/wp\/v2\/posts\/10041\/revisions"}],"predecessor-version":[{"id":10043,"href":"https:\/\/livingmultimediosde.net.ar\/INDEX\/wp-json\/wp\/v2\/posts\/10041\/revisions\/10043"}],"wp:attachment":[{"href":"https:\/\/livingmultimediosde.net.ar\/INDEX\/wp-json\/wp\/v2\/media?parent=10041"}],"wp:term":[{"taxonomy":"category","embeddable":true,"href":"https:\/\/livingmultimediosde.net.ar\/INDEX\/wp-json\/wp\/v2\/categories?post=10041"},{"taxonomy":"post_tag","embeddable":true,"href":"https:\/\/livingmultimediosde.net.ar\/INDEX\/wp-json\/wp\/v2\/tags?post=10041"}],"curies":[{"name":"wp","href":"https:\/\/api.w.org\/{rel}","templated":true}]}}