{"id":10038,"date":"2024-07-22T04:34:22","date_gmt":"2024-07-22T04:34:22","guid":{"rendered":"https:\/\/livingmultimediosde.net.ar\/INDEX\/?p=10038"},"modified":"2024-07-22T04:34:25","modified_gmt":"2024-07-22T04:34:25","slug":"acto-por-el-30-aniversario-del-atentado-a-la-amiacarga-web","status":"publish","type":"post","link":"https:\/\/livingmultimediosde.net.ar\/INDEX\/2024\/07\/acto-por-el-30-aniversario-del-atentado-a-la-amiacarga-web\/","title":{"rendered":"ACTO POR EL 30 ANIVERSARIO DEL ATENTADO A LA AMIAcarga web"},"content":{"rendered":"\n<p class=\"wp-block-paragraph\">El presidente del Honorable Concejo Deliberante, Humberto Santill\u00e1n, y los concejales Walter Medina Salom\u00f3n, Carlos Basualdo y Gabriela Ortiz, junto a la Intendenta Ing. Norma Fuentes, estuvieron presentes en el acto por el 30 aniversario del atentado a la AMIA que se llev\u00f3 a cabo este jueves en la Sociedad Israelita de Santiago del Estero recordando el tr\u00e1gico evento.<br>Durante el evento se realiz\u00f3 el encendido de una vela y lectura de los nombres de los fallecidos adem\u00e1s del minuto de silencio con toque de sirenas en su memoria, tambien se realiz\u00f3 una oraci\u00f3n por los difuntos.<br>Tambi\u00e9n estuvieron presentes, en representaci\u00f3n del gabinete municipal el Secretario de Coordinaci\u00f3n de Gabinete, Daniel Kobylanski y el Secretario de Gobierno, Ingeniero N\u00e9stor Machado. En representaci\u00f3n de la Sociedad Israelita La Arq. Ester Chalom. Otros destacados asistentes incluyeron el rector Ing. Luis Lucena de la Universidad Cat\u00f3lica de Santiago del Estero y el decano de la Facultad de Humanidades de la Universidad Nacional de Santiago del Estero Lic. Marcelino Ledesma.<\/p>\n","protected":false},"excerpt":{"rendered":"<p>El presidente del Honorable Concejo Deliberante, Humberto Santill\u00e1n, y los concejales Walter Medina Salom\u00f3n, Carlos Basualdo y Gabriela Ortiz, junto a la Intendenta Ing. Norma Fuentes, estuvieron presentes en el acto por el 30 aniversario del atentado a la AMIA que se llev\u00f3 a cabo este jueves en la Sociedad Israelita de Santiago del Estero recordando el tr\u00e1gico evento.Durante el evento se realiz\u00f3 el encendido de una vela y lectura de los nombres de los fallecidos adem\u00e1s del minuto de silencio con toque de sirenas en su memoria, tambien se&hellip;<\/p>\n","protected":false},"author":1,"featured_media":0,"comment_status":"open","ping_status":"closed","sticky":false,"template":"","format":"standard","meta":{"footnotes":""},"categories":[3],"tags":[],"class_list":["post-10038","post","type-post","status-publish","format-standard","hentry","category-hcd-capital"],"rttpg_featured_image_url":null,"rttpg_author":{"display_name":"rober","author_link":"https:\/\/livingmultimediosde.net.ar\/INDEX\/author\/rober\/"},"rttpg_comment":0,"rttpg_category":"<a href=\"https:\/\/livingmultimediosde.net.ar\/INDEX\/category\/hcd-capital\/\" rel=\"category tag\">HCD CAPITAL<\/a>","rttpg_excerpt":"El presidente del Honorable Concejo Deliberante, Humberto Santill\u00e1n, y los concejales Walter Medina Salom\u00f3n, Carlos Basualdo y Gabriela Ortiz, junto a la Intendenta Ing. Norma Fuentes, estuvieron presentes en el acto por el 30 aniversario del atentado a la AMIA que se llev\u00f3 a cabo este jueves en la Sociedad Israelita de Santiago del Estero&hellip;","_links":{"self":[{"href":"https:\/\/livingmultimediosde.net.ar\/INDEX\/wp-json\/wp\/v2\/posts\/10038","targetHints":{"allow":["GET"]}}],"collection":[{"href":"https:\/\/livingmultimediosde.net.ar\/INDEX\/wp-json\/wp\/v2\/posts"}],"about":[{"href":"https:\/\/livingmultimediosde.net.ar\/INDEX\/wp-json\/wp\/v2\/types\/post"}],"author":[{"embeddable":true,"href":"https:\/\/livingmultimediosde.net.ar\/INDEX\/wp-json\/wp\/v2\/users\/1"}],"replies":[{"embeddable":true,"href":"https:\/\/livingmultimediosde.net.ar\/INDEX\/wp-json\/wp\/v2\/comments?post=10038"}],"version-history":[{"count":1,"href":"https:\/\/livingmultimediosde.net.ar\/INDEX\/wp-json\/wp\/v2\/posts\/10038\/revisions"}],"predecessor-version":[{"id":10040,"href":"https:\/\/livingmultimediosde.net.ar\/INDEX\/wp-json\/wp\/v2\/posts\/10038\/revisions\/10040"}],"wp:attachment":[{"href":"https:\/\/livingmultimediosde.net.ar\/INDEX\/wp-json\/wp\/v2\/media?parent=10038"}],"wp:term":[{"taxonomy":"category","embeddable":true,"href":"https:\/\/livingmultimediosde.net.ar\/INDEX\/wp-json\/wp\/v2\/categories?post=10038"},{"taxonomy":"post_tag","embeddable":true,"href":"https:\/\/livingmultimediosde.net.ar\/INDEX\/wp-json\/wp\/v2\/tags?post=10038"}],"curies":[{"name":"wp","href":"https:\/\/api.w.org\/{rel}","templated":true}]}}