{"id":10032,"date":"2024-07-22T04:29:37","date_gmt":"2024-07-22T04:29:37","guid":{"rendered":"https:\/\/livingmultimediosde.net.ar\/INDEX\/?p=10032"},"modified":"2024-07-22T04:29:40","modified_gmt":"2024-07-22T04:29:40","slug":"zamora-participo-del-festival-del-dia-del-amigo-en-plaza-anoranzas","status":"publish","type":"post","link":"https:\/\/livingmultimediosde.net.ar\/INDEX\/2024\/07\/zamora-participo-del-festival-del-dia-del-amigo-en-plaza-anoranzas\/","title":{"rendered":"ZAMORA PARTICIP\u00d3 DEL FESTIVAL DEL D\u00cdA DEL AMIGO EN PLAZA A\u00d1ORANZAS"},"content":{"rendered":"\n<p class=\"wp-block-paragraph\">En el marco de los festejos de la \u00abMadre de Ciudades\u201d con motivo de su 471\u00b0 aniversario, el gobernador Gerardo Zamora particip\u00f3 junto con la intendente Norma Fuentes del Festival del D\u00eda del Amigo, que se realiz\u00f3 este domingo en Plaza A\u00f1oranzas.<br>Una verdadera multitud asisti\u00f3 a la celebraci\u00f3n que se desarroll\u00f3 con entrada libre para todos los vecinos.<br>Tras saludar al p\u00fablico y regalar pelotas de f\u00fatbol y camisetas de la Selecci\u00f3n Argentina, el gobernador invit\u00f3 a todos los presentes a participar el pr\u00f3ximo 25 de julio del festival art\u00edstico por el cumplea\u00f1os de la ciudad y anticip\u00f3 adem\u00e1s junto con la intendente la realizaci\u00f3n de la Fiesta de la Primavera y del Estudiante, el 21 de septiembre.<br>La fiesta en Plaza A\u00f1oranzas se desarroll\u00f3 desde la siesta hasta entrada la noche con artistas como Banda XXI, Los Bonys, Dj Pereyra, Alejandro Veliz, La Banda de Huguito, Los Bonys, Los Kijanos, Nataly Trap, Estela R\u00edos, Alejandro Cuarteto, Flor Lobo y Dany Pecci.<\/p>\n","protected":false},"excerpt":{"rendered":"<p>En el marco de los festejos de la \u00abMadre de Ciudades\u201d con motivo de su 471\u00b0 aniversario, el gobernador Gerardo Zamora particip\u00f3 junto con la intendente Norma Fuentes del Festival del D\u00eda del Amigo, que se realiz\u00f3 este domingo en Plaza A\u00f1oranzas.Una verdadera multitud asisti\u00f3 a la celebraci\u00f3n que se desarroll\u00f3 con entrada libre para todos los vecinos.Tras saludar al p\u00fablico y regalar pelotas de f\u00fatbol y camisetas de la Selecci\u00f3n Argentina, el gobernador invit\u00f3 a todos los presentes a participar el pr\u00f3ximo 25 de julio del festival art\u00edstico por&hellip;<\/p>\n","protected":false},"author":1,"featured_media":0,"comment_status":"open","ping_status":"closed","sticky":false,"template":"","format":"standard","meta":{"footnotes":""},"categories":[1],"tags":[],"class_list":["post-10032","post","type-post","status-publish","format-standard","hentry","category-uncategorized"],"rttpg_featured_image_url":null,"rttpg_author":{"display_name":"rober","author_link":"https:\/\/livingmultimediosde.net.ar\/INDEX\/author\/rober\/"},"rttpg_comment":0,"rttpg_category":"<a href=\"https:\/\/livingmultimediosde.net.ar\/INDEX\/category\/uncategorized\/\" rel=\"category tag\">Uncategorized<\/a>","rttpg_excerpt":"En el marco de los festejos de la \u00abMadre de Ciudades\u201d con motivo de su 471\u00b0 aniversario, el gobernador Gerardo Zamora particip\u00f3 junto con la intendente Norma Fuentes del Festival del D\u00eda del Amigo, que se realiz\u00f3 este domingo en Plaza A\u00f1oranzas.Una verdadera multitud asisti\u00f3 a la celebraci\u00f3n que se desarroll\u00f3 con entrada libre para&hellip;","_links":{"self":[{"href":"https:\/\/livingmultimediosde.net.ar\/INDEX\/wp-json\/wp\/v2\/posts\/10032","targetHints":{"allow":["GET"]}}],"collection":[{"href":"https:\/\/livingmultimediosde.net.ar\/INDEX\/wp-json\/wp\/v2\/posts"}],"about":[{"href":"https:\/\/livingmultimediosde.net.ar\/INDEX\/wp-json\/wp\/v2\/types\/post"}],"author":[{"embeddable":true,"href":"https:\/\/livingmultimediosde.net.ar\/INDEX\/wp-json\/wp\/v2\/users\/1"}],"replies":[{"embeddable":true,"href":"https:\/\/livingmultimediosde.net.ar\/INDEX\/wp-json\/wp\/v2\/comments?post=10032"}],"version-history":[{"count":1,"href":"https:\/\/livingmultimediosde.net.ar\/INDEX\/wp-json\/wp\/v2\/posts\/10032\/revisions"}],"predecessor-version":[{"id":10034,"href":"https:\/\/livingmultimediosde.net.ar\/INDEX\/wp-json\/wp\/v2\/posts\/10032\/revisions\/10034"}],"wp:attachment":[{"href":"https:\/\/livingmultimediosde.net.ar\/INDEX\/wp-json\/wp\/v2\/media?parent=10032"}],"wp:term":[{"taxonomy":"category","embeddable":true,"href":"https:\/\/livingmultimediosde.net.ar\/INDEX\/wp-json\/wp\/v2\/categories?post=10032"},{"taxonomy":"post_tag","embeddable":true,"href":"https:\/\/livingmultimediosde.net.ar\/INDEX\/wp-json\/wp\/v2\/tags?post=10032"}],"curies":[{"name":"wp","href":"https:\/\/api.w.org\/{rel}","templated":true}]}}